{"id":1598,"date":"2019-05-28T18:48:27","date_gmt":"2019-05-28T18:48:27","guid":{"rendered":"https:\/\/www.grupamar.es\/lorem-ipsum-dolor-sit-amet-consectetur-adipiscing-elit-copy-copy\/"},"modified":"2026-03-10T13:10:45","modified_gmt":"2026-03-10T13:10:45","slug":"lorem-ipsum-dolor-sit-amet-consectetur-adipiscing-elit-copy-copy","status":"publish","type":"post","link":"https:\/\/www.grupamar.es\/en\/lorem-ipsum-dolor-sit-amet-consectetur-adipiscing-elit-copy-copy\/","title":{"rendered":"GrupaMar: Inauguraci\u00f3n de una nueva nave log\u00edstica en Tenerife"},"content":{"rendered":"<p><strong>Hoy, martes 28 de mayo, tiene lugar la inauguraci\u00f3n de la nueva nave de <strong>GrupaMar<\/strong> en Santa Cruz de Tenerife, sita en la V\u00eda Transversal 2 de la D\u00e1rsena Pesquera del puerto. Al c\u00f3ctel de inauguraci\u00f3n asisten representantes de la Autoridad Portuaria de Tenerife, de las principales navieras, as\u00ed como clientes de la compa\u00f1\u00eda y proveedores del sector en general.<\/strong><\/p>\n<h2>Nuevas instalaciones en el puerto de Santa Cruz de Tenerife<\/h2>\n<p>La nueva nave, construida sobre una concesi\u00f3n de la Autoridad Portuaria de Tenerife, dispone de <strong>4.000 m\u00b2<\/strong>, <strong>11 muelles de carga y descarga de contenedores<\/strong> y <strong>6 muelles para camiones y furgonetas<\/strong>, adem\u00e1s de un muelle espec\u00edfico para mercanc\u00edas extradimensionadas.<\/p>\n<p>En estas instalaciones se desarrolla la actividad log\u00edstica de <strong>grupaje, consolidaci\u00f3n y desconsolidaci\u00f3n de mercanc\u00edas, cross-docking, almacenaje y distribuci\u00f3n<\/strong>, as\u00ed como el <strong>despacho de aduanas<\/strong> y el resto de actividades log\u00edsticas propias de la compa\u00f1\u00eda. La nave cuenta, adem\u00e1s, con la autorizaci\u00f3n de <strong>Almac\u00e9n Dep\u00f3sito Temporal (ADT)<\/strong>.<\/p>\n<p><img decoding=\"async\" class=\"alignnone wp-image-630\" src=\"https:\/\/www.grupamar.es\/wp-content\/uploads\/2025\/11\/2222222222222222.jpg\" alt=\"Tranporte-grupamar-\" width=\"1080\" height=\"713\" srcset=\"https:\/\/www.grupamar.es\/wp-content\/uploads\/2025\/11\/2222222222222222.jpg 1205w, https:\/\/www.grupamar.es\/wp-content\/uploads\/2025\/11\/2222222222222222-750x495.jpg 750w, https:\/\/www.grupamar.es\/wp-content\/uploads\/2025\/11\/2222222222222222-400x264.jpg 400w\" sizes=\"(max-width: 1080px) 100vw, 1080px\" \/><\/p>\n<h2>M\u00e1s de 40 a\u00f1os de experiencia en transporte y log\u00edstica<\/h2>\n<p>Como empresa nacional de transporte y log\u00edstica de mercanc\u00edas, <strong>GrupaMar<\/strong> cuenta con m\u00e1s de <strong>40 a\u00f1os de experiencia<\/strong> en el sector y es l\u00edder en servicios de <strong>grupajes (LCL)<\/strong> entre la Pen\u00ednsula y las islas Canarias y Baleares.<\/p>\n<p>La compa\u00f1\u00eda se ha consolidado como empresa de referencia en ambos archipi\u00e9lagos en el transporte de <strong>carga fraccionada<\/strong>, tanto por volumen de negocio como por la calidad del servicio prestado.<\/p>\n<h2>Red de delegaciones, flota propia y equipo humano<\/h2>\n<p>GrupaMar dispone de <strong>13 delegaciones propias<\/strong> repartidas entre la Pen\u00ednsula, Baleares y Canarias, as\u00ed como de m\u00e1s de <strong>700 unidades de equipos propios<\/strong>, entre tractoras, distintos tipos de plataformas, contenedores de 20\u2019, 40\u2019 y 45\u2019, camiones y furgonetas.<\/p>\n<p>Esta infraestructura permite ofrecer un servicio <strong>flexible, personalizado y adaptado<\/strong> a las necesidades de cada cliente y de sus mercanc\u00edas. La compa\u00f1\u00eda est\u00e1 formada por un equipo humano de <strong>m\u00e1s de 220 profesionales<\/strong>, comprometidos con la excelencia en el servicio y el contacto continuo con el cliente. Por ello, la <strong>inversi\u00f3n constante en procesos, sistemas y mejoras tecnol\u00f3gicas<\/strong> es uno de los pilares fundamentales de GrupaMar.<\/p>\n","protected":false},"excerpt":{"rendered":"<p>Hoy, martes 28 de mayo, tiene lugar la inauguraci\u00f3n de la nueva nave de GrupaMar en Santa Cruz de Tenerife, sita en la V\u00eda Transversal 2 de la D\u00e1rsena Pesquera del puerto. Al c\u00f3ctel de inauguraci\u00f3n asisten representantes de la Autoridad Portuaria de Tenerife, de las principales navieras, as\u00ed como clientes de la compa\u00f1\u00eda y [&hellip;]<\/p>\n","protected":false},"author":1,"featured_media":757,"comment_status":"closed","ping_status":"closed","sticky":false,"template":"","format":"standard","meta":{"_acf_changed":false,"footnotes":""},"categories":[35],"class_list":["post-1598","post","type-post","status-publish","format-standard","has-post-thumbnail","hentry","category-company"],"acf":[],"yoast_head":"<!-- This site is optimized with the Yoast SEO plugin v27.4 - https:\/\/yoast.com\/product\/yoast-seo-wordpress\/ -->\n<title>GrupaMar: Inauguraci\u00f3n de una nueva nave log\u00edstica en Tenerife - GrupaMar<\/title>\n<meta name=\"robots\" content=\"index, follow, max-snippet:-1, max-image-preview:large, max-video-preview:-1\" \/>\n<link rel=\"canonical\" href=\"https:\/\/www.grupamar.es\/en\/lorem-ipsum-dolor-sit-amet-consectetur-adipiscing-elit-copy-copy\/\" \/>\n<meta property=\"og:locale\" content=\"en_US\" \/>\n<meta property=\"og:type\" content=\"article\" \/>\n<meta property=\"og:title\" content=\"GrupaMar: Inauguraci\u00f3n de una nueva nave log\u00edstica en Tenerife - GrupaMar\" \/>\n<meta property=\"og:description\" content=\"Hoy, martes 28 de mayo, tiene lugar la inauguraci\u00f3n de la nueva nave de GrupaMar en Santa Cruz de Tenerife, sita en la V\u00eda Transversal 2 de la D\u00e1rsena Pesquera del puerto. Al c\u00f3ctel de inauguraci\u00f3n asisten representantes de la Autoridad Portuaria de Tenerife, de las principales navieras, as\u00ed como clientes de la compa\u00f1\u00eda y [&hellip;]\" \/>\n<meta property=\"og:url\" content=\"https:\/\/www.grupamar.es\/en\/lorem-ipsum-dolor-sit-amet-consectetur-adipiscing-elit-copy-copy\/\" \/>\n<meta property=\"og:site_name\" content=\"GrupaMar\" \/>\n<meta property=\"article:published_time\" content=\"2019-05-28T18:48:27+00:00\" \/>\n<meta property=\"article:modified_time\" content=\"2026-03-10T13:10:45+00:00\" \/>\n<meta property=\"og:image\" content=\"https:\/\/www.grupamar.es\/wp-content\/uploads\/2019\/05\/transportes-grupamar-tenerife-logistica.jpg\" \/>\n\t<meta property=\"og:image:width\" content=\"2000\" \/>\n\t<meta property=\"og:image:height\" content=\"948\" \/>\n\t<meta property=\"og:image:type\" content=\"image\/jpeg\" \/>\n<meta name=\"author\" content=\"gR25Pmr\" \/>\n<meta name=\"twitter:card\" content=\"summary_large_image\" \/>\n<meta name=\"twitter:label1\" content=\"Written by\" \/>\n\t<meta name=\"twitter:data1\" content=\"gR25Pmr\" \/>\n\t<meta name=\"twitter:label2\" content=\"Est. reading time\" \/>\n\t<meta name=\"twitter:data2\" content=\"2 minutes\" \/>\n<script type=\"application\/ld+json\" class=\"yoast-schema-graph\">{\"@context\":\"https:\\\/\\\/schema.org\",\"@graph\":[{\"@type\":\"Article\",\"@id\":\"https:\\\/\\\/www.grupamar.es\\\/en\\\/lorem-ipsum-dolor-sit-amet-consectetur-adipiscing-elit-copy-copy\\\/#article\",\"isPartOf\":{\"@id\":\"https:\\\/\\\/www.grupamar.es\\\/en\\\/lorem-ipsum-dolor-sit-amet-consectetur-adipiscing-elit-copy-copy\\\/\"},\"author\":{\"name\":\"gR25Pmr\",\"@id\":\"https:\\\/\\\/www.grupamar.es\\\/en\\\/#\\\/schema\\\/person\\\/e439b0db1d8f0a18c0259ebc8e1372e9\"},\"headline\":\"GrupaMar: Inauguraci\u00f3n de una nueva nave log\u00edstica en Tenerife\",\"datePublished\":\"2019-05-28T18:48:27+00:00\",\"dateModified\":\"2026-03-10T13:10:45+00:00\",\"mainEntityOfPage\":{\"@id\":\"https:\\\/\\\/www.grupamar.es\\\/en\\\/lorem-ipsum-dolor-sit-amet-consectetur-adipiscing-elit-copy-copy\\\/\"},\"wordCount\":384,\"image\":{\"@id\":\"https:\\\/\\\/www.grupamar.es\\\/en\\\/lorem-ipsum-dolor-sit-amet-consectetur-adipiscing-elit-copy-copy\\\/#primaryimage\"},\"thumbnailUrl\":\"https:\\\/\\\/www.grupamar.es\\\/wp-content\\\/uploads\\\/2019\\\/05\\\/transportes-grupamar-tenerife-logistica.jpg\",\"articleSection\":[\"Company\"],\"inLanguage\":\"en-US\"},{\"@type\":\"WebPage\",\"@id\":\"https:\\\/\\\/www.grupamar.es\\\/en\\\/lorem-ipsum-dolor-sit-amet-consectetur-adipiscing-elit-copy-copy\\\/\",\"url\":\"https:\\\/\\\/www.grupamar.es\\\/en\\\/lorem-ipsum-dolor-sit-amet-consectetur-adipiscing-elit-copy-copy\\\/\",\"name\":\"GrupaMar: Inauguraci\u00f3n de una nueva nave log\u00edstica en Tenerife - GrupaMar\",\"isPartOf\":{\"@id\":\"https:\\\/\\\/www.grupamar.es\\\/en\\\/#website\"},\"primaryImageOfPage\":{\"@id\":\"https:\\\/\\\/www.grupamar.es\\\/en\\\/lorem-ipsum-dolor-sit-amet-consectetur-adipiscing-elit-copy-copy\\\/#primaryimage\"},\"image\":{\"@id\":\"https:\\\/\\\/www.grupamar.es\\\/en\\\/lorem-ipsum-dolor-sit-amet-consectetur-adipiscing-elit-copy-copy\\\/#primaryimage\"},\"thumbnailUrl\":\"https:\\\/\\\/www.grupamar.es\\\/wp-content\\\/uploads\\\/2019\\\/05\\\/transportes-grupamar-tenerife-logistica.jpg\",\"datePublished\":\"2019-05-28T18:48:27+00:00\",\"dateModified\":\"2026-03-10T13:10:45+00:00\",\"author\":{\"@id\":\"https:\\\/\\\/www.grupamar.es\\\/en\\\/#\\\/schema\\\/person\\\/e439b0db1d8f0a18c0259ebc8e1372e9\"},\"inLanguage\":\"en-US\",\"potentialAction\":[{\"@type\":\"ReadAction\",\"target\":[\"https:\\\/\\\/www.grupamar.es\\\/en\\\/lorem-ipsum-dolor-sit-amet-consectetur-adipiscing-elit-copy-copy\\\/\"]}]},{\"@type\":\"ImageObject\",\"inLanguage\":\"en-US\",\"@id\":\"https:\\\/\\\/www.grupamar.es\\\/en\\\/lorem-ipsum-dolor-sit-amet-consectetur-adipiscing-elit-copy-copy\\\/#primaryimage\",\"url\":\"https:\\\/\\\/www.grupamar.es\\\/wp-content\\\/uploads\\\/2019\\\/05\\\/transportes-grupamar-tenerife-logistica.jpg\",\"contentUrl\":\"https:\\\/\\\/www.grupamar.es\\\/wp-content\\\/uploads\\\/2019\\\/05\\\/transportes-grupamar-tenerife-logistica.jpg\",\"width\":2000,\"height\":948,\"caption\":\"transportes-grupamar-tenerife-logistica\"},{\"@type\":\"WebSite\",\"@id\":\"https:\\\/\\\/www.grupamar.es\\\/en\\\/#website\",\"url\":\"https:\\\/\\\/www.grupamar.es\\\/en\\\/\",\"name\":\"GrupaMar\",\"description\":\"\",\"potentialAction\":[{\"@type\":\"SearchAction\",\"target\":{\"@type\":\"EntryPoint\",\"urlTemplate\":\"https:\\\/\\\/www.grupamar.es\\\/en\\\/?s={search_term_string}\"},\"query-input\":{\"@type\":\"PropertyValueSpecification\",\"valueRequired\":true,\"valueName\":\"search_term_string\"}}],\"inLanguage\":\"en-US\"},{\"@type\":\"Person\",\"@id\":\"https:\\\/\\\/www.grupamar.es\\\/en\\\/#\\\/schema\\\/person\\\/e439b0db1d8f0a18c0259ebc8e1372e9\",\"name\":\"gR25Pmr\",\"image\":{\"@type\":\"ImageObject\",\"inLanguage\":\"en-US\",\"@id\":\"https:\\\/\\\/secure.gravatar.com\\\/avatar\\\/b904e836584635855eaa0ee2922bae4fe2aa94ffb558048dcc5dac5f98f0fadc?s=96&d=mm&r=g\",\"url\":\"https:\\\/\\\/secure.gravatar.com\\\/avatar\\\/b904e836584635855eaa0ee2922bae4fe2aa94ffb558048dcc5dac5f98f0fadc?s=96&d=mm&r=g\",\"contentUrl\":\"https:\\\/\\\/secure.gravatar.com\\\/avatar\\\/b904e836584635855eaa0ee2922bae4fe2aa94ffb558048dcc5dac5f98f0fadc?s=96&d=mm&r=g\",\"caption\":\"gR25Pmr\"},\"sameAs\":[\"https:\\\/\\\/www.grupamar.es\"],\"url\":\"https:\\\/\\\/www.grupamar.es\\\/en\\\/author\\\/gr25pmr\\\/\"}]}<\/script>\n<!-- \/ Yoast SEO plugin. -->","yoast_head_json":{"title":"GrupaMar: Inauguraci\u00f3n de una nueva nave log\u00edstica en Tenerife - GrupaMar","robots":{"index":"index","follow":"follow","max-snippet":"max-snippet:-1","max-image-preview":"max-image-preview:large","max-video-preview":"max-video-preview:-1"},"canonical":"https:\/\/www.grupamar.es\/en\/lorem-ipsum-dolor-sit-amet-consectetur-adipiscing-elit-copy-copy\/","og_locale":"en_US","og_type":"article","og_title":"GrupaMar: Inauguraci\u00f3n de una nueva nave log\u00edstica en Tenerife - GrupaMar","og_description":"Hoy, martes 28 de mayo, tiene lugar la inauguraci\u00f3n de la nueva nave de GrupaMar en Santa Cruz de Tenerife, sita en la V\u00eda Transversal 2 de la D\u00e1rsena Pesquera del puerto. Al c\u00f3ctel de inauguraci\u00f3n asisten representantes de la Autoridad Portuaria de Tenerife, de las principales navieras, as\u00ed como clientes de la compa\u00f1\u00eda y [&hellip;]","og_url":"https:\/\/www.grupamar.es\/en\/lorem-ipsum-dolor-sit-amet-consectetur-adipiscing-elit-copy-copy\/","og_site_name":"GrupaMar","article_published_time":"2019-05-28T18:48:27+00:00","article_modified_time":"2026-03-10T13:10:45+00:00","og_image":[{"width":2000,"height":948,"url":"https:\/\/www.grupamar.es\/wp-content\/uploads\/2019\/05\/transportes-grupamar-tenerife-logistica.jpg","type":"image\/jpeg"}],"author":"gR25Pmr","twitter_card":"summary_large_image","twitter_misc":{"Written by":"gR25Pmr","Est. reading time":"2 minutes"},"schema":{"@context":"https:\/\/schema.org","@graph":[{"@type":"Article","@id":"https:\/\/www.grupamar.es\/en\/lorem-ipsum-dolor-sit-amet-consectetur-adipiscing-elit-copy-copy\/#article","isPartOf":{"@id":"https:\/\/www.grupamar.es\/en\/lorem-ipsum-dolor-sit-amet-consectetur-adipiscing-elit-copy-copy\/"},"author":{"name":"gR25Pmr","@id":"https:\/\/www.grupamar.es\/en\/#\/schema\/person\/e439b0db1d8f0a18c0259ebc8e1372e9"},"headline":"GrupaMar: Inauguraci\u00f3n de una nueva nave log\u00edstica en Tenerife","datePublished":"2019-05-28T18:48:27+00:00","dateModified":"2026-03-10T13:10:45+00:00","mainEntityOfPage":{"@id":"https:\/\/www.grupamar.es\/en\/lorem-ipsum-dolor-sit-amet-consectetur-adipiscing-elit-copy-copy\/"},"wordCount":384,"image":{"@id":"https:\/\/www.grupamar.es\/en\/lorem-ipsum-dolor-sit-amet-consectetur-adipiscing-elit-copy-copy\/#primaryimage"},"thumbnailUrl":"https:\/\/www.grupamar.es\/wp-content\/uploads\/2019\/05\/transportes-grupamar-tenerife-logistica.jpg","articleSection":["Company"],"inLanguage":"en-US"},{"@type":"WebPage","@id":"https:\/\/www.grupamar.es\/en\/lorem-ipsum-dolor-sit-amet-consectetur-adipiscing-elit-copy-copy\/","url":"https:\/\/www.grupamar.es\/en\/lorem-ipsum-dolor-sit-amet-consectetur-adipiscing-elit-copy-copy\/","name":"GrupaMar: Inauguraci\u00f3n de una nueva nave log\u00edstica en Tenerife - GrupaMar","isPartOf":{"@id":"https:\/\/www.grupamar.es\/en\/#website"},"primaryImageOfPage":{"@id":"https:\/\/www.grupamar.es\/en\/lorem-ipsum-dolor-sit-amet-consectetur-adipiscing-elit-copy-copy\/#primaryimage"},"image":{"@id":"https:\/\/www.grupamar.es\/en\/lorem-ipsum-dolor-sit-amet-consectetur-adipiscing-elit-copy-copy\/#primaryimage"},"thumbnailUrl":"https:\/\/www.grupamar.es\/wp-content\/uploads\/2019\/05\/transportes-grupamar-tenerife-logistica.jpg","datePublished":"2019-05-28T18:48:27+00:00","dateModified":"2026-03-10T13:10:45+00:00","author":{"@id":"https:\/\/www.grupamar.es\/en\/#\/schema\/person\/e439b0db1d8f0a18c0259ebc8e1372e9"},"inLanguage":"en-US","potentialAction":[{"@type":"ReadAction","target":["https:\/\/www.grupamar.es\/en\/lorem-ipsum-dolor-sit-amet-consectetur-adipiscing-elit-copy-copy\/"]}]},{"@type":"ImageObject","inLanguage":"en-US","@id":"https:\/\/www.grupamar.es\/en\/lorem-ipsum-dolor-sit-amet-consectetur-adipiscing-elit-copy-copy\/#primaryimage","url":"https:\/\/www.grupamar.es\/wp-content\/uploads\/2019\/05\/transportes-grupamar-tenerife-logistica.jpg","contentUrl":"https:\/\/www.grupamar.es\/wp-content\/uploads\/2019\/05\/transportes-grupamar-tenerife-logistica.jpg","width":2000,"height":948,"caption":"transportes-grupamar-tenerife-logistica"},{"@type":"WebSite","@id":"https:\/\/www.grupamar.es\/en\/#website","url":"https:\/\/www.grupamar.es\/en\/","name":"GrupaMar","description":"","potentialAction":[{"@type":"SearchAction","target":{"@type":"EntryPoint","urlTemplate":"https:\/\/www.grupamar.es\/en\/?s={search_term_string}"},"query-input":{"@type":"PropertyValueSpecification","valueRequired":true,"valueName":"search_term_string"}}],"inLanguage":"en-US"},{"@type":"Person","@id":"https:\/\/www.grupamar.es\/en\/#\/schema\/person\/e439b0db1d8f0a18c0259ebc8e1372e9","name":"gR25Pmr","image":{"@type":"ImageObject","inLanguage":"en-US","@id":"https:\/\/secure.gravatar.com\/avatar\/b904e836584635855eaa0ee2922bae4fe2aa94ffb558048dcc5dac5f98f0fadc?s=96&d=mm&r=g","url":"https:\/\/secure.gravatar.com\/avatar\/b904e836584635855eaa0ee2922bae4fe2aa94ffb558048dcc5dac5f98f0fadc?s=96&d=mm&r=g","contentUrl":"https:\/\/secure.gravatar.com\/avatar\/b904e836584635855eaa0ee2922bae4fe2aa94ffb558048dcc5dac5f98f0fadc?s=96&d=mm&r=g","caption":"gR25Pmr"},"sameAs":["https:\/\/www.grupamar.es"],"url":"https:\/\/www.grupamar.es\/en\/author\/gr25pmr\/"}]}},"_links":{"self":[{"href":"https:\/\/www.grupamar.es\/en\/wp-json\/wp\/v2\/posts\/1598","targetHints":{"allow":["GET"]}}],"collection":[{"href":"https:\/\/www.grupamar.es\/en\/wp-json\/wp\/v2\/posts"}],"about":[{"href":"https:\/\/www.grupamar.es\/en\/wp-json\/wp\/v2\/types\/post"}],"author":[{"embeddable":true,"href":"https:\/\/www.grupamar.es\/en\/wp-json\/wp\/v2\/users\/1"}],"replies":[{"embeddable":true,"href":"https:\/\/www.grupamar.es\/en\/wp-json\/wp\/v2\/comments?post=1598"}],"version-history":[{"count":1,"href":"https:\/\/www.grupamar.es\/en\/wp-json\/wp\/v2\/posts\/1598\/revisions"}],"predecessor-version":[{"id":1600,"href":"https:\/\/www.grupamar.es\/en\/wp-json\/wp\/v2\/posts\/1598\/revisions\/1600"}],"wp:featuredmedia":[{"embeddable":true,"href":"https:\/\/www.grupamar.es\/en\/wp-json\/wp\/v2\/media\/757"}],"wp:attachment":[{"href":"https:\/\/www.grupamar.es\/en\/wp-json\/wp\/v2\/media?parent=1598"}],"wp:term":[{"taxonomy":"category","embeddable":true,"href":"https:\/\/www.grupamar.es\/en\/wp-json\/wp\/v2\/categories?post=1598"}],"curies":[{"name":"wp","href":"https:\/\/api.w.org\/{rel}","templated":true}]}}