{"id":1596,"date":"2023-06-21T10:27:17","date_gmt":"2023-06-21T10:27:17","guid":{"rendered":"https:\/\/www.grupamar.es\/grupamar-inaugura-nueva-nave-logistica-en-las-palmas-de-gran-canaria\/"},"modified":"2026-03-10T13:12:00","modified_gmt":"2026-03-10T13:12:00","slug":"grupamar-inaugura-nueva-nave-logistica-en-las-palmas-de-gran-canaria","status":"publish","type":"post","link":"https:\/\/www.grupamar.es\/en\/grupamar-inaugura-nueva-nave-logistica-en-las-palmas-de-gran-canaria\/","title":{"rendered":"GrupaMar inaugura nueva nave log\u00edstica en Las Palmas de Gran Canaria"},"content":{"rendered":"<p>El pasado mi\u00e9rcoles 21 de junio tuvo lugar la inauguraci\u00f3n de la nueva nave log\u00edstica de GrupaMar en Las Palmas de Gran Canaria.<\/p>\n<p>Al evento acudieron alrededor de trescientas personas entre clientes de la compa\u00f1\u00eda, representantes de las principales navieras, empleados y otros colaboradores.<\/p>\n<div id=\"attachment_744\" style=\"width: 1090px\" class=\"wp-caption alignnone\"><img decoding=\"async\" aria-describedby=\"caption-attachment-744\" class=\"wp-image-744\" src=\"https:\/\/www.grupamar.es\/wp-content\/uploads\/2023\/06\/Inauguracion_GrupaMar_LasPalmas_acto.jpg\" alt=\"\" width=\"1080\" height=\"719\" srcset=\"https:\/\/www.grupamar.es\/wp-content\/uploads\/2023\/06\/Inauguracion_GrupaMar_LasPalmas_acto.jpg 1920w, https:\/\/www.grupamar.es\/wp-content\/uploads\/2023\/06\/Inauguracion_GrupaMar_LasPalmas_acto-1773x1180.jpg 1773w, https:\/\/www.grupamar.es\/wp-content\/uploads\/2023\/06\/Inauguracion_GrupaMar_LasPalmas_acto-1352x900.jpg 1352w, https:\/\/www.grupamar.es\/wp-content\/uploads\/2023\/06\/Inauguracion_GrupaMar_LasPalmas_acto-750x499.jpg 750w, https:\/\/www.grupamar.es\/wp-content\/uploads\/2023\/06\/Inauguracion_GrupaMar_LasPalmas_acto-400x266.jpg 400w\" sizes=\"(max-width: 1080px) 100vw, 1080px\" \/><p id=\"caption-attachment-744\" class=\"wp-caption-text\">Gonzalo Garrido y Mateo Segu\u00ed<\/p><\/div>\n<p>Gonzalo Garrido Garc\u00eda, director general, y Mateo Segu\u00ed, consejero delegado, realizaron un discurso de inauguraci\u00f3n, agradeciendo a todos los colaboradores y empleados de la compa\u00f1\u00eda su implicaci\u00f3n en el proyecto. Tambi\u00e9n acudi\u00f3 al evento el presidente de la Autoridad Portuaria de Las Palmas, don Luis Ibarra, que tambi\u00e9n dirigi\u00f3 unas palabras a los presentes.<\/p>\n<p>La nueva construcci\u00f3n de m\u00e1s de 8.000 m2 ha sido ejecutada sobre una parcela de 11.000 m2, concesi\u00f3n de la Autoridad Portuaria de Las Palmas. La instalaci\u00f3n inaugurada ha sido dise\u00f1ada para lograr la m\u00e1xima eficiencia y seguridad en su operativa, de forma que se puedan realizar servicios log\u00edsticos de transporte, grupaje, almacenaje y distribuci\u00f3n de la m\u00e1xima calidad y confiabilidad para sus clientes. Tambi\u00e9n funcionar\u00e1 como ADT (Almac\u00e9n Dep\u00f3sito Temporal) coordinado con sus servicios de representante aduanero.<\/p>\n<div id=\"attachment_604\" style=\"width: 1090px\" class=\"wp-caption alignnone\"><img decoding=\"async\" aria-describedby=\"caption-attachment-604\" class=\"wp-image-604\" src=\"https:\/\/www.grupamar.es\/wp-content\/uploads\/2023\/06\/22.jpg\" alt=\"Tranporte-grupamar-almacen\" width=\"1080\" height=\"718\" srcset=\"https:\/\/www.grupamar.es\/wp-content\/uploads\/2023\/06\/22.jpg 1117w, https:\/\/www.grupamar.es\/wp-content\/uploads\/2023\/06\/22-750x499.jpg 750w, https:\/\/www.grupamar.es\/wp-content\/uploads\/2023\/06\/22-400x266.jpg 400w\" sizes=\"(max-width: 1080px) 100vw, 1080px\" \/><p id=\"caption-attachment-604\" class=\"wp-caption-text\">Estanter\u00edas de almacenaje en el interior de las nuevas instalaciones<\/p><\/div>\n<p>La nave cuenta con 31 muelles de carga y descarg donde el flujo de mercanc\u00edas es lineal al tener los muelles enfrentados, lo que hace que la operativa de cross-docking, sea muy \u00e1gil y se pueda trabajar de forma eficiente con los distintos tipos de equipo: contenedores, camiones, plataformas, furgonetas o cargas extra-dimensionadas.<br \/>\nAsimismo, cuenta con una capacidad de almacenaje para de 8.300 huecos de europalets.<\/p>\n<div id=\"attachment_749\" style=\"width: 1090px\" class=\"wp-caption alignnone\"><img decoding=\"async\" aria-describedby=\"caption-attachment-749\" class=\"wp-image-749\" src=\"https:\/\/www.grupamar.es\/wp-content\/uploads\/2023\/06\/Inauguracion_GrupaMar_LasPalmas_muelles.jpg\" alt=\"Transportes-Grupamar-Las-Palmas-Muelles-carga\" width=\"1080\" height=\"477\" srcset=\"https:\/\/www.grupamar.es\/wp-content\/uploads\/2023\/06\/Inauguracion_GrupaMar_LasPalmas_muelles.jpg 2560w, https:\/\/www.grupamar.es\/wp-content\/uploads\/2023\/06\/Inauguracion_GrupaMar_LasPalmas_muelles-1600x707.jpg 1600w, https:\/\/www.grupamar.es\/wp-content\/uploads\/2023\/06\/Inauguracion_GrupaMar_LasPalmas_muelles-750x331.jpg 750w, https:\/\/www.grupamar.es\/wp-content\/uploads\/2023\/06\/Inauguracion_GrupaMar_LasPalmas_muelles-400x177.jpg 400w\" sizes=\"(max-width: 1080px) 100vw, 1080px\" \/><p id=\"caption-attachment-749\" class=\"wp-caption-text\">Muelles de carga\/descarga de contenedores<\/p><\/div>\n<p>Como compa\u00f1\u00eda nacional de transporte y log\u00edstica de mercanc\u00edas, GrupaMar cuenta con m\u00e1s de 45 a\u00f1os de experiencia en el sector y es l\u00edder en tr\u00e1ficos de grupaje (LCL) entre la Pen\u00ednsula y las islas Canarias y Baleares, habi\u00e9ndose convertido en la empresa de referencia en ambos archipi\u00e9lagos en cuanto al transporte de carga fraccionada, tanto en volumen de negocio como en calidad de servicio. Tambi\u00e9n act\u00faa como franquiciada de la red de paleter\u00eda Palibex en ambos archipi\u00e9lagos.<\/p>\n<div id=\"attachment_754\" style=\"width: 1090px\" class=\"wp-caption alignnone\"><img decoding=\"async\" aria-describedby=\"caption-attachment-754\" class=\"wp-image-754\" src=\"https:\/\/www.grupamar.es\/wp-content\/uploads\/2023\/06\/Inauguracion_GrupaMar_LasPalmas_fachada-lateralx.jpg\" alt=\"Transportes-Grupamar-Las-Palmas\" width=\"1080\" height=\"443\" srcset=\"https:\/\/www.grupamar.es\/wp-content\/uploads\/2023\/06\/Inauguracion_GrupaMar_LasPalmas_fachada-lateralx.jpg 2560w, https:\/\/www.grupamar.es\/wp-content\/uploads\/2023\/06\/Inauguracion_GrupaMar_LasPalmas_fachada-lateralx-1600x657.jpg 1600w, https:\/\/www.grupamar.es\/wp-content\/uploads\/2023\/06\/Inauguracion_GrupaMar_LasPalmas_fachada-lateralx-750x308.jpg 750w, https:\/\/www.grupamar.es\/wp-content\/uploads\/2023\/06\/Inauguracion_GrupaMar_LasPalmas_fachada-lateralx-400x164.jpg 400w\" sizes=\"(max-width: 1080px) 100vw, 1080px\" \/><p id=\"caption-attachment-754\" class=\"wp-caption-text\">Fachada lateral de las nuevas instalaciones en Las Palmas<\/p><\/div>\n<p>GrupaMar cuenta con 13 delegaciones propias, repartidas en Pen\u00ednsula (Barcelona, Madrid, Valencia, Alicante, Sevilla, Bilbao, Vigo), Baleares (Mallorca, Ibiza, Menorca) y Canarias (Las Palmas, Tenerife, Lanzarote-Fuerteventura), y con m\u00e1s de 700 unidades de equipos propios (tractoras, distintos tipos de plataformas, contenedores de 20\u2019, 40\u2019 y 45\u2019, camiones, furgonetas). Todo ello le permite dar un servicio fiable, flexible, personalizado y adaptado a las necesidades de los clientes y sus mercanc\u00edas. El equipo humano que forma GrupaMar est\u00e1 formado por m\u00e1s 270 profesionales comprometidos con el principal objetivo de la empresa, que es la excelencia en el servicio.<\/p>\n<p>La empresa ha registrado en los \u00faltimos a\u00f1os un incremento constante en volumen y en facturaci\u00f3n, contando con una amplia y diversificada cartera de clientes. Actualmente su cifra de negocio es de 40 millones de euros y mueve alrededor de 150.000 toneladas de grupaje y 17.000 TEUS de carga completa.<\/p>\n<p><a class=\"cta\" href=\"https:\/\/www.linkedin.com\/posts\/grupajesdelmar-grupamar_grupamar-laspalmas-logistica-activity-7077374722845351939-4a_c\/?utm_source=share&amp;utm_medium=member_desktop&amp;rcm=ACoAAAObqmkBuk1pWBUyCdR-xc8XQqRrYL1XrbI\" target=\"_blank\" rel=\"noopener\">+Info<\/a><\/p>\n","protected":false},"excerpt":{"rendered":"<p>El pasado mi\u00e9rcoles 21 de junio tuvo lugar la inauguraci\u00f3n de la nueva nave log\u00edstica de GrupaMar en Las Palmas de Gran Canaria. Al evento acudieron alrededor de trescientas personas entre clientes de la compa\u00f1\u00eda, representantes de las principales navieras, empleados y otros colaboradores. Gonzalo Garrido Garc\u00eda, director general, y Mateo Segu\u00ed, consejero delegado, realizaron [&hellip;]<\/p>\n","protected":false},"author":1,"featured_media":742,"comment_status":"closed","ping_status":"closed","sticky":false,"template":"","format":"standard","meta":{"_acf_changed":false,"footnotes":""},"categories":[35],"class_list":["post-1596","post","type-post","status-publish","format-standard","has-post-thumbnail","hentry","category-company"],"acf":[],"yoast_head":"<!-- This site is optimized with the Yoast SEO plugin v27.4 - https:\/\/yoast.com\/product\/yoast-seo-wordpress\/ -->\n<title>GrupaMar inaugura nueva nave log\u00edstica en Las Palmas de Gran Canaria - GrupaMar<\/title>\n<meta name=\"robots\" content=\"index, follow, max-snippet:-1, max-image-preview:large, max-video-preview:-1\" \/>\n<link rel=\"canonical\" href=\"https:\/\/www.grupamar.es\/en\/grupamar-inaugura-nueva-nave-logistica-en-las-palmas-de-gran-canaria\/\" \/>\n<meta property=\"og:locale\" content=\"en_US\" \/>\n<meta property=\"og:type\" content=\"article\" \/>\n<meta property=\"og:title\" content=\"GrupaMar inaugura nueva nave log\u00edstica en Las Palmas de Gran Canaria - GrupaMar\" \/>\n<meta property=\"og:description\" content=\"El pasado mi\u00e9rcoles 21 de junio tuvo lugar la inauguraci\u00f3n de la nueva nave log\u00edstica de GrupaMar en Las Palmas de Gran Canaria. Al evento acudieron alrededor de trescientas personas entre clientes de la compa\u00f1\u00eda, representantes de las principales navieras, empleados y otros colaboradores. Gonzalo Garrido Garc\u00eda, director general, y Mateo Segu\u00ed, consejero delegado, realizaron [&hellip;]\" \/>\n<meta property=\"og:url\" content=\"https:\/\/www.grupamar.es\/en\/grupamar-inaugura-nueva-nave-logistica-en-las-palmas-de-gran-canaria\/\" \/>\n<meta property=\"og:site_name\" content=\"GrupaMar\" \/>\n<meta property=\"article:published_time\" content=\"2023-06-21T10:27:17+00:00\" \/>\n<meta property=\"article:modified_time\" content=\"2026-03-10T13:12:00+00:00\" \/>\n<meta property=\"og:image\" content=\"https:\/\/www.grupamar.es\/wp-content\/uploads\/2023\/06\/Inauguracion_GrupaMar_LasPalmas_fachadax.jpg\" \/>\n\t<meta property=\"og:image:width\" content=\"2000\" \/>\n\t<meta property=\"og:image:height\" content=\"948\" \/>\n\t<meta property=\"og:image:type\" content=\"image\/jpeg\" \/>\n<meta name=\"author\" content=\"gR25Pmr\" \/>\n<meta name=\"twitter:card\" content=\"summary_large_image\" \/>\n<meta name=\"twitter:label1\" content=\"Written by\" \/>\n\t<meta name=\"twitter:data1\" content=\"gR25Pmr\" \/>\n\t<meta name=\"twitter:label2\" content=\"Est. reading time\" \/>\n\t<meta name=\"twitter:data2\" content=\"4 minutes\" \/>\n<script type=\"application\/ld+json\" class=\"yoast-schema-graph\">{\"@context\":\"https:\\\/\\\/schema.org\",\"@graph\":[{\"@type\":\"Article\",\"@id\":\"https:\\\/\\\/www.grupamar.es\\\/en\\\/grupamar-inaugura-nueva-nave-logistica-en-las-palmas-de-gran-canaria\\\/#article\",\"isPartOf\":{\"@id\":\"https:\\\/\\\/www.grupamar.es\\\/en\\\/grupamar-inaugura-nueva-nave-logistica-en-las-palmas-de-gran-canaria\\\/\"},\"author\":{\"name\":\"gR25Pmr\",\"@id\":\"https:\\\/\\\/www.grupamar.es\\\/en\\\/#\\\/schema\\\/person\\\/e439b0db1d8f0a18c0259ebc8e1372e9\"},\"headline\":\"GrupaMar inaugura nueva nave log\u00edstica en Las Palmas de Gran Canaria\",\"datePublished\":\"2023-06-21T10:27:17+00:00\",\"dateModified\":\"2026-03-10T13:12:00+00:00\",\"mainEntityOfPage\":{\"@id\":\"https:\\\/\\\/www.grupamar.es\\\/en\\\/grupamar-inaugura-nueva-nave-logistica-en-las-palmas-de-gran-canaria\\\/\"},\"wordCount\":566,\"image\":{\"@id\":\"https:\\\/\\\/www.grupamar.es\\\/en\\\/grupamar-inaugura-nueva-nave-logistica-en-las-palmas-de-gran-canaria\\\/#primaryimage\"},\"thumbnailUrl\":\"https:\\\/\\\/www.grupamar.es\\\/wp-content\\\/uploads\\\/2023\\\/06\\\/Inauguracion_GrupaMar_LasPalmas_fachadax.jpg\",\"articleSection\":[\"Company\"],\"inLanguage\":\"en-US\"},{\"@type\":\"WebPage\",\"@id\":\"https:\\\/\\\/www.grupamar.es\\\/en\\\/grupamar-inaugura-nueva-nave-logistica-en-las-palmas-de-gran-canaria\\\/\",\"url\":\"https:\\\/\\\/www.grupamar.es\\\/en\\\/grupamar-inaugura-nueva-nave-logistica-en-las-palmas-de-gran-canaria\\\/\",\"name\":\"GrupaMar inaugura nueva nave log\u00edstica en Las Palmas de Gran Canaria - GrupaMar\",\"isPartOf\":{\"@id\":\"https:\\\/\\\/www.grupamar.es\\\/en\\\/#website\"},\"primaryImageOfPage\":{\"@id\":\"https:\\\/\\\/www.grupamar.es\\\/en\\\/grupamar-inaugura-nueva-nave-logistica-en-las-palmas-de-gran-canaria\\\/#primaryimage\"},\"image\":{\"@id\":\"https:\\\/\\\/www.grupamar.es\\\/en\\\/grupamar-inaugura-nueva-nave-logistica-en-las-palmas-de-gran-canaria\\\/#primaryimage\"},\"thumbnailUrl\":\"https:\\\/\\\/www.grupamar.es\\\/wp-content\\\/uploads\\\/2023\\\/06\\\/Inauguracion_GrupaMar_LasPalmas_fachadax.jpg\",\"datePublished\":\"2023-06-21T10:27:17+00:00\",\"dateModified\":\"2026-03-10T13:12:00+00:00\",\"author\":{\"@id\":\"https:\\\/\\\/www.grupamar.es\\\/en\\\/#\\\/schema\\\/person\\\/e439b0db1d8f0a18c0259ebc8e1372e9\"},\"inLanguage\":\"en-US\",\"potentialAction\":[{\"@type\":\"ReadAction\",\"target\":[\"https:\\\/\\\/www.grupamar.es\\\/en\\\/grupamar-inaugura-nueva-nave-logistica-en-las-palmas-de-gran-canaria\\\/\"]}]},{\"@type\":\"ImageObject\",\"inLanguage\":\"en-US\",\"@id\":\"https:\\\/\\\/www.grupamar.es\\\/en\\\/grupamar-inaugura-nueva-nave-logistica-en-las-palmas-de-gran-canaria\\\/#primaryimage\",\"url\":\"https:\\\/\\\/www.grupamar.es\\\/wp-content\\\/uploads\\\/2023\\\/06\\\/Inauguracion_GrupaMar_LasPalmas_fachadax.jpg\",\"contentUrl\":\"https:\\\/\\\/www.grupamar.es\\\/wp-content\\\/uploads\\\/2023\\\/06\\\/Inauguracion_GrupaMar_LasPalmas_fachadax.jpg\",\"width\":2000,\"height\":948,\"caption\":\"transportes-grupamar-las-palmas\"},{\"@type\":\"WebSite\",\"@id\":\"https:\\\/\\\/www.grupamar.es\\\/en\\\/#website\",\"url\":\"https:\\\/\\\/www.grupamar.es\\\/en\\\/\",\"name\":\"GrupaMar\",\"description\":\"\",\"potentialAction\":[{\"@type\":\"SearchAction\",\"target\":{\"@type\":\"EntryPoint\",\"urlTemplate\":\"https:\\\/\\\/www.grupamar.es\\\/en\\\/?s={search_term_string}\"},\"query-input\":{\"@type\":\"PropertyValueSpecification\",\"valueRequired\":true,\"valueName\":\"search_term_string\"}}],\"inLanguage\":\"en-US\"},{\"@type\":\"Person\",\"@id\":\"https:\\\/\\\/www.grupamar.es\\\/en\\\/#\\\/schema\\\/person\\\/e439b0db1d8f0a18c0259ebc8e1372e9\",\"name\":\"gR25Pmr\",\"image\":{\"@type\":\"ImageObject\",\"inLanguage\":\"en-US\",\"@id\":\"https:\\\/\\\/secure.gravatar.com\\\/avatar\\\/b904e836584635855eaa0ee2922bae4fe2aa94ffb558048dcc5dac5f98f0fadc?s=96&d=mm&r=g\",\"url\":\"https:\\\/\\\/secure.gravatar.com\\\/avatar\\\/b904e836584635855eaa0ee2922bae4fe2aa94ffb558048dcc5dac5f98f0fadc?s=96&d=mm&r=g\",\"contentUrl\":\"https:\\\/\\\/secure.gravatar.com\\\/avatar\\\/b904e836584635855eaa0ee2922bae4fe2aa94ffb558048dcc5dac5f98f0fadc?s=96&d=mm&r=g\",\"caption\":\"gR25Pmr\"},\"sameAs\":[\"https:\\\/\\\/www.grupamar.es\"],\"url\":\"https:\\\/\\\/www.grupamar.es\\\/en\\\/author\\\/gr25pmr\\\/\"}]}<\/script>\n<!-- \/ Yoast SEO plugin. -->","yoast_head_json":{"title":"GrupaMar inaugura nueva nave log\u00edstica en Las Palmas de Gran Canaria - GrupaMar","robots":{"index":"index","follow":"follow","max-snippet":"max-snippet:-1","max-image-preview":"max-image-preview:large","max-video-preview":"max-video-preview:-1"},"canonical":"https:\/\/www.grupamar.es\/en\/grupamar-inaugura-nueva-nave-logistica-en-las-palmas-de-gran-canaria\/","og_locale":"en_US","og_type":"article","og_title":"GrupaMar inaugura nueva nave log\u00edstica en Las Palmas de Gran Canaria - GrupaMar","og_description":"El pasado mi\u00e9rcoles 21 de junio tuvo lugar la inauguraci\u00f3n de la nueva nave log\u00edstica de GrupaMar en Las Palmas de Gran Canaria. Al evento acudieron alrededor de trescientas personas entre clientes de la compa\u00f1\u00eda, representantes de las principales navieras, empleados y otros colaboradores. Gonzalo Garrido Garc\u00eda, director general, y Mateo Segu\u00ed, consejero delegado, realizaron [&hellip;]","og_url":"https:\/\/www.grupamar.es\/en\/grupamar-inaugura-nueva-nave-logistica-en-las-palmas-de-gran-canaria\/","og_site_name":"GrupaMar","article_published_time":"2023-06-21T10:27:17+00:00","article_modified_time":"2026-03-10T13:12:00+00:00","og_image":[{"width":2000,"height":948,"url":"https:\/\/www.grupamar.es\/wp-content\/uploads\/2023\/06\/Inauguracion_GrupaMar_LasPalmas_fachadax.jpg","type":"image\/jpeg"}],"author":"gR25Pmr","twitter_card":"summary_large_image","twitter_misc":{"Written by":"gR25Pmr","Est. reading time":"4 minutes"},"schema":{"@context":"https:\/\/schema.org","@graph":[{"@type":"Article","@id":"https:\/\/www.grupamar.es\/en\/grupamar-inaugura-nueva-nave-logistica-en-las-palmas-de-gran-canaria\/#article","isPartOf":{"@id":"https:\/\/www.grupamar.es\/en\/grupamar-inaugura-nueva-nave-logistica-en-las-palmas-de-gran-canaria\/"},"author":{"name":"gR25Pmr","@id":"https:\/\/www.grupamar.es\/en\/#\/schema\/person\/e439b0db1d8f0a18c0259ebc8e1372e9"},"headline":"GrupaMar inaugura nueva nave log\u00edstica en Las Palmas de Gran Canaria","datePublished":"2023-06-21T10:27:17+00:00","dateModified":"2026-03-10T13:12:00+00:00","mainEntityOfPage":{"@id":"https:\/\/www.grupamar.es\/en\/grupamar-inaugura-nueva-nave-logistica-en-las-palmas-de-gran-canaria\/"},"wordCount":566,"image":{"@id":"https:\/\/www.grupamar.es\/en\/grupamar-inaugura-nueva-nave-logistica-en-las-palmas-de-gran-canaria\/#primaryimage"},"thumbnailUrl":"https:\/\/www.grupamar.es\/wp-content\/uploads\/2023\/06\/Inauguracion_GrupaMar_LasPalmas_fachadax.jpg","articleSection":["Company"],"inLanguage":"en-US"},{"@type":"WebPage","@id":"https:\/\/www.grupamar.es\/en\/grupamar-inaugura-nueva-nave-logistica-en-las-palmas-de-gran-canaria\/","url":"https:\/\/www.grupamar.es\/en\/grupamar-inaugura-nueva-nave-logistica-en-las-palmas-de-gran-canaria\/","name":"GrupaMar inaugura nueva nave log\u00edstica en Las Palmas de Gran Canaria - GrupaMar","isPartOf":{"@id":"https:\/\/www.grupamar.es\/en\/#website"},"primaryImageOfPage":{"@id":"https:\/\/www.grupamar.es\/en\/grupamar-inaugura-nueva-nave-logistica-en-las-palmas-de-gran-canaria\/#primaryimage"},"image":{"@id":"https:\/\/www.grupamar.es\/en\/grupamar-inaugura-nueva-nave-logistica-en-las-palmas-de-gran-canaria\/#primaryimage"},"thumbnailUrl":"https:\/\/www.grupamar.es\/wp-content\/uploads\/2023\/06\/Inauguracion_GrupaMar_LasPalmas_fachadax.jpg","datePublished":"2023-06-21T10:27:17+00:00","dateModified":"2026-03-10T13:12:00+00:00","author":{"@id":"https:\/\/www.grupamar.es\/en\/#\/schema\/person\/e439b0db1d8f0a18c0259ebc8e1372e9"},"inLanguage":"en-US","potentialAction":[{"@type":"ReadAction","target":["https:\/\/www.grupamar.es\/en\/grupamar-inaugura-nueva-nave-logistica-en-las-palmas-de-gran-canaria\/"]}]},{"@type":"ImageObject","inLanguage":"en-US","@id":"https:\/\/www.grupamar.es\/en\/grupamar-inaugura-nueva-nave-logistica-en-las-palmas-de-gran-canaria\/#primaryimage","url":"https:\/\/www.grupamar.es\/wp-content\/uploads\/2023\/06\/Inauguracion_GrupaMar_LasPalmas_fachadax.jpg","contentUrl":"https:\/\/www.grupamar.es\/wp-content\/uploads\/2023\/06\/Inauguracion_GrupaMar_LasPalmas_fachadax.jpg","width":2000,"height":948,"caption":"transportes-grupamar-las-palmas"},{"@type":"WebSite","@id":"https:\/\/www.grupamar.es\/en\/#website","url":"https:\/\/www.grupamar.es\/en\/","name":"GrupaMar","description":"","potentialAction":[{"@type":"SearchAction","target":{"@type":"EntryPoint","urlTemplate":"https:\/\/www.grupamar.es\/en\/?s={search_term_string}"},"query-input":{"@type":"PropertyValueSpecification","valueRequired":true,"valueName":"search_term_string"}}],"inLanguage":"en-US"},{"@type":"Person","@id":"https:\/\/www.grupamar.es\/en\/#\/schema\/person\/e439b0db1d8f0a18c0259ebc8e1372e9","name":"gR25Pmr","image":{"@type":"ImageObject","inLanguage":"en-US","@id":"https:\/\/secure.gravatar.com\/avatar\/b904e836584635855eaa0ee2922bae4fe2aa94ffb558048dcc5dac5f98f0fadc?s=96&d=mm&r=g","url":"https:\/\/secure.gravatar.com\/avatar\/b904e836584635855eaa0ee2922bae4fe2aa94ffb558048dcc5dac5f98f0fadc?s=96&d=mm&r=g","contentUrl":"https:\/\/secure.gravatar.com\/avatar\/b904e836584635855eaa0ee2922bae4fe2aa94ffb558048dcc5dac5f98f0fadc?s=96&d=mm&r=g","caption":"gR25Pmr"},"sameAs":["https:\/\/www.grupamar.es"],"url":"https:\/\/www.grupamar.es\/en\/author\/gr25pmr\/"}]}},"_links":{"self":[{"href":"https:\/\/www.grupamar.es\/en\/wp-json\/wp\/v2\/posts\/1596","targetHints":{"allow":["GET"]}}],"collection":[{"href":"https:\/\/www.grupamar.es\/en\/wp-json\/wp\/v2\/posts"}],"about":[{"href":"https:\/\/www.grupamar.es\/en\/wp-json\/wp\/v2\/types\/post"}],"author":[{"embeddable":true,"href":"https:\/\/www.grupamar.es\/en\/wp-json\/wp\/v2\/users\/1"}],"replies":[{"embeddable":true,"href":"https:\/\/www.grupamar.es\/en\/wp-json\/wp\/v2\/comments?post=1596"}],"version-history":[{"count":1,"href":"https:\/\/www.grupamar.es\/en\/wp-json\/wp\/v2\/posts\/1596\/revisions"}],"predecessor-version":[{"id":1608,"href":"https:\/\/www.grupamar.es\/en\/wp-json\/wp\/v2\/posts\/1596\/revisions\/1608"}],"wp:featuredmedia":[{"embeddable":true,"href":"https:\/\/www.grupamar.es\/en\/wp-json\/wp\/v2\/media\/742"}],"wp:attachment":[{"href":"https:\/\/www.grupamar.es\/en\/wp-json\/wp\/v2\/media?parent=1596"}],"wp:term":[{"taxonomy":"category","embeddable":true,"href":"https:\/\/www.grupamar.es\/en\/wp-json\/wp\/v2\/categories?post=1596"}],"curies":[{"name":"wp","href":"https:\/\/api.w.org\/{rel}","templated":true}]}}