{"id":1595,"date":"2026-02-24T08:12:15","date_gmt":"2026-02-24T08:12:15","guid":{"rendered":"https:\/\/www.grupamar.es\/grupamar-nuevas-instalaciones-fotovoltaicas-en-mallorca-y-menorca\/"},"modified":"2026-03-31T11:45:58","modified_gmt":"2026-03-31T11:45:58","slug":"grupamar-nuevas-instalaciones-fotovoltaicas-en-mallorca-y-menorca","status":"publish","type":"post","link":"https:\/\/www.grupamar.es\/en\/grupamar-nuevas-instalaciones-fotovoltaicas-en-mallorca-y-menorca\/","title":{"rendered":"GrupaMar impulsa la transici\u00f3n energ\u00e9tica con nuevas instalaciones fotovoltaicas en Mallorca y Menorca"},"content":{"rendered":"<p>En <strong>GrupaMar<\/strong>, nuestro compromiso con el entorno y la eficiencia operativa marca el camino de cada uno de nuestros pasos. Fieles a nuestros valores de <strong>Innovaci\u00f3n<\/strong> y <strong>Eficiencia<\/strong>, y a nuestra pol\u00edtica de <strong>Sostenibilidad<\/strong>, estamos finalizando dos ambiciosos proyectos de autoconsumo fotovoltaico en nuestras delegaciones de Baleares.<\/p>\n<p><strong>Hacia un modelo log\u00edstico m\u00e1s limpio<\/strong><\/p>\n<p>Hemos transformado las cubiertas de nuestras naves en fuentes de energ\u00eda limpia mediante la instalaci\u00f3n de paneles solares de \u00faltima generaci\u00f3n:<\/p>\n<ul>\n<li><strong>Delegaci\u00f3n de Marratx\u00ed (Mallorca):<\/strong> Proyecto ya finalizado, que cuenta con una potencia de <strong>66,125 kWp<\/strong> gracias a la instalaci\u00f3n de <strong>115 placas fotovoltaicas<\/strong>.<\/li>\n<li><strong>Delegaci\u00f3n de Mah\u00f3n (Menorca):<\/strong> Proyecto en fase final (conclusi\u00f3n prevista para marzo de 2026), con una potencia de <strong>74,88 kWp<\/strong> y un total de <strong>128 placas fotovoltaicas<\/strong>.<\/li>\n<\/ul>\n<p>Ambas instalaciones utilizan inversores trif\u00e1sicos para optimizar el autoconsumo, permiti\u00e9ndonos cubrir las necesidades energ\u00e9ticas de nuestras naves (iluminaci\u00f3n, climatizaci\u00f3n y recarga de maquinaria el\u00e9ctrica de almac\u00e9n) de forma totalmente ecol\u00f3gica durante las horas de sol.<\/p>\n<div id=\"attachment_1655\" style=\"width: 410px\" class=\"wp-caption alignnone\"><img decoding=\"async\" aria-describedby=\"caption-attachment-1655\" class=\"wp-image-1655 size-img_xs_square_free\" src=\"https:\/\/www.grupamar.es\/wp-content\/uploads\/2026\/02\/Fotovoltacias_GrupaMar_Marratxi-400x190.jpg\" alt=\"\" width=\"400\" height=\"190\" srcset=\"https:\/\/www.grupamar.es\/wp-content\/uploads\/2026\/02\/Fotovoltacias_GrupaMar_Marratxi-400x190.jpg 400w, https:\/\/www.grupamar.es\/wp-content\/uploads\/2026\/02\/Fotovoltacias_GrupaMar_Marratxi-1600x759.jpg 1600w, https:\/\/www.grupamar.es\/wp-content\/uploads\/2026\/02\/Fotovoltacias_GrupaMar_Marratxi-750x356.jpg 750w\" sizes=\"(max-width: 400px) 100vw, 400px\" \/><p id=\"caption-attachment-1655\" class=\"wp-caption-text\">Instalaci\u00f3n fotovoltaica GrupaMar Marratx\u00ed<\/p><\/div>\n<div id=\"attachment_1652\" style=\"width: 410px\" class=\"wp-caption alignnone\"><img decoding=\"async\" aria-describedby=\"caption-attachment-1652\" class=\"wp-image-1652 size-img_xs_square_free\" src=\"https:\/\/www.grupamar.es\/wp-content\/uploads\/2026\/02\/Fotovoltaicas_GrupaMar_Mahon-400x203.jpg\" alt=\"\" width=\"400\" height=\"203\" srcset=\"https:\/\/www.grupamar.es\/wp-content\/uploads\/2026\/02\/Fotovoltaicas_GrupaMar_Mahon-400x203.jpg 400w, https:\/\/www.grupamar.es\/wp-content\/uploads\/2026\/02\/Fotovoltaicas_GrupaMar_Mahon-1600x811.jpg 1600w, https:\/\/www.grupamar.es\/wp-content\/uploads\/2026\/02\/Fotovoltaicas_GrupaMar_Mahon-750x380.jpg 750w\" sizes=\"(max-width: 400px) 100vw, 400px\" \/><p id=\"caption-attachment-1652\" class=\"wp-caption-text\">Instalaci\u00f3n fotovoltaica GrupaMar Mah\u00f3n<\/p><\/div>\n<p><strong>Objetivos y Resultados<\/strong><\/p>\n<p>Con esta inversi\u00f3n, en <strong>GrupaMar<\/strong> logramos:<\/p>\n<ol>\n<li><strong>Reducir nuestra huella de carbono<\/strong>, aline\u00e1ndonos con nuestro compromiso ante el Ministerio para la Transici\u00f3n Ecol\u00f3gica.<\/li>\n<li><strong>Aumentar la eficiencia energ\u00e9tica<\/strong> de nuestras naves en las islas.<\/li>\n<li><strong>Fomentar la transici\u00f3n energ\u00e9tica<\/strong> en el archipi\u00e9lago balear.<\/li>\n<\/ol>\n<p><strong>Soporte Financiero y Colaborac<\/strong><strong>i\u00f3n<\/strong><\/p>\n<p>Se trata de proyectos financiados por la <strong>Uni\u00f3n Europea \u2013 NextGeneration EU<\/strong>, dentro del <strong>Plan de Inversiones para la Transici\u00f3n Energ\u00e9tica de las Islas Baleares (PITEIB)<\/strong>, acogido al programa de concesi\u00f3n directa de ayudas para las Illes Balears y Canarias en el marco del <strong>Plan de Recuperaci\u00f3n, Transformaci\u00f3n y Resiliencia<\/strong>. Agradecemos la colaboraci\u00f3n de la <strong>Direcci\u00f3 General d\u00b4Economia Circular, Transici\u00f3 Energ\u00e8tica i Canvi Clim\u00e0tic<\/strong> de la Conselleria d\u00b4Empresa, Ocupaci\u00f3 i Energia, del Govern de les Illes Balears en la concesi\u00f3n de estas subvenciones, fundamentales para acelerar nuestra transformaci\u00f3n hacia una log\u00edstica 100% responsable.<\/p>\n<p><a href=\"https:\/\/www.linkedin.com\/feed\/update\/urn:li:activity:7431975959056248832\/\">Ver Noticia en LinkedIn<\/a><\/p>\n<p><img decoding=\"async\" class=\"alignleft wp-image-1447 size-img_l_landscape_free\" src=\"https:\/\/www.grupamar.es\/wp-content\/uploads\/2026\/02\/Financiado_UE-PRTR-ME-IDAE-GOIB-IB-1-1600x76.png\" alt=\"\" width=\"1600\" height=\"76\" srcset=\"https:\/\/www.grupamar.es\/wp-content\/uploads\/2026\/02\/Financiado_UE-PRTR-ME-IDAE-GOIB-IB-1-1600x76.png 1600w, https:\/\/www.grupamar.es\/wp-content\/uploads\/2026\/02\/Financiado_UE-PRTR-ME-IDAE-GOIB-IB-1-750x36.png 750w, https:\/\/www.grupamar.es\/wp-content\/uploads\/2026\/02\/Financiado_UE-PRTR-ME-IDAE-GOIB-IB-1-400x19.png 400w, https:\/\/www.grupamar.es\/wp-content\/uploads\/2026\/02\/Financiado_UE-PRTR-ME-IDAE-GOIB-IB-1.png 2000w\" sizes=\"(max-width: 1600px) 100vw, 1600px\" \/><\/p>\n<p>&nbsp;<\/p>\n","protected":false},"excerpt":{"rendered":"<p>En GrupaMar, nuestro compromiso con el entorno y la eficiencia operativa marca el camino de cada uno de nuestros pasos. Fieles a nuestros valores de Innovaci\u00f3n y Eficiencia, y a nuestra pol\u00edtica de Sostenibilidad, estamos finalizando dos ambiciosos proyectos de autoconsumo fotovoltaico en nuestras delegaciones de Baleares. Hacia un modelo log\u00edstico m\u00e1s limpio Hemos transformado [&hellip;]<\/p>\n","protected":false},"author":1,"featured_media":1458,"comment_status":"closed","ping_status":"closed","sticky":false,"template":"","format":"standard","meta":{"_acf_changed":false,"footnotes":""},"categories":[35,39],"class_list":["post-1595","post","type-post","status-publish","format-standard","has-post-thumbnail","hentry","category-company","category-featured"],"acf":[],"yoast_head":"<!-- This site is optimized with the Yoast SEO plugin v27.4 - https:\/\/yoast.com\/product\/yoast-seo-wordpress\/ -->\n<title>GrupaMar impulsa la transici\u00f3n energ\u00e9tica con nuevas instalaciones fotovoltaicas en Mallorca y Menorca - GrupaMar<\/title>\n<meta name=\"robots\" content=\"index, follow, max-snippet:-1, max-image-preview:large, max-video-preview:-1\" \/>\n<link rel=\"canonical\" href=\"https:\/\/www.grupamar.es\/en\/grupamar-nuevas-instalaciones-fotovoltaicas-en-mallorca-y-menorca\/\" \/>\n<meta property=\"og:locale\" content=\"en_US\" \/>\n<meta property=\"og:type\" content=\"article\" \/>\n<meta property=\"og:title\" content=\"GrupaMar impulsa la transici\u00f3n energ\u00e9tica con nuevas instalaciones fotovoltaicas en Mallorca y Menorca - GrupaMar\" \/>\n<meta property=\"og:description\" content=\"En GrupaMar, nuestro compromiso con el entorno y la eficiencia operativa marca el camino de cada uno de nuestros pasos. Fieles a nuestros valores de Innovaci\u00f3n y Eficiencia, y a nuestra pol\u00edtica de Sostenibilidad, estamos finalizando dos ambiciosos proyectos de autoconsumo fotovoltaico en nuestras delegaciones de Baleares. Hacia un modelo log\u00edstico m\u00e1s limpio Hemos transformado [&hellip;]\" \/>\n<meta property=\"og:url\" content=\"https:\/\/www.grupamar.es\/en\/grupamar-nuevas-instalaciones-fotovoltaicas-en-mallorca-y-menorca\/\" \/>\n<meta property=\"og:site_name\" content=\"GrupaMar\" \/>\n<meta property=\"article:published_time\" content=\"2026-02-24T08:12:15+00:00\" \/>\n<meta property=\"article:modified_time\" content=\"2026-03-31T11:45:58+00:00\" \/>\n<meta property=\"og:image\" content=\"https:\/\/www.grupamar.es\/wp-content\/uploads\/2026\/02\/FV-2-1.jpg\" \/>\n\t<meta property=\"og:image:width\" content=\"2000\" \/>\n\t<meta property=\"og:image:height\" content=\"1414\" \/>\n\t<meta property=\"og:image:type\" content=\"image\/jpeg\" \/>\n<meta name=\"author\" content=\"gR25Pmr\" \/>\n<meta name=\"twitter:card\" content=\"summary_large_image\" \/>\n<meta name=\"twitter:label1\" content=\"Written by\" \/>\n\t<meta name=\"twitter:data1\" content=\"gR25Pmr\" \/>\n\t<meta name=\"twitter:label2\" content=\"Est. reading time\" \/>\n\t<meta name=\"twitter:data2\" content=\"3 minutes\" \/>\n<script type=\"application\/ld+json\" class=\"yoast-schema-graph\">{\"@context\":\"https:\\\/\\\/schema.org\",\"@graph\":[{\"@type\":\"Article\",\"@id\":\"https:\\\/\\\/www.grupamar.es\\\/en\\\/grupamar-nuevas-instalaciones-fotovoltaicas-en-mallorca-y-menorca\\\/#article\",\"isPartOf\":{\"@id\":\"https:\\\/\\\/www.grupamar.es\\\/en\\\/grupamar-nuevas-instalaciones-fotovoltaicas-en-mallorca-y-menorca\\\/\"},\"author\":{\"name\":\"gR25Pmr\",\"@id\":\"https:\\\/\\\/www.grupamar.es\\\/en\\\/#\\\/schema\\\/person\\\/e439b0db1d8f0a18c0259ebc8e1372e9\"},\"headline\":\"GrupaMar impulsa la transici\u00f3n energ\u00e9tica con nuevas instalaciones fotovoltaicas en Mallorca y Menorca\",\"datePublished\":\"2026-02-24T08:12:15+00:00\",\"dateModified\":\"2026-03-31T11:45:58+00:00\",\"mainEntityOfPage\":{\"@id\":\"https:\\\/\\\/www.grupamar.es\\\/en\\\/grupamar-nuevas-instalaciones-fotovoltaicas-en-mallorca-y-menorca\\\/\"},\"wordCount\":381,\"image\":{\"@id\":\"https:\\\/\\\/www.grupamar.es\\\/en\\\/grupamar-nuevas-instalaciones-fotovoltaicas-en-mallorca-y-menorca\\\/#primaryimage\"},\"thumbnailUrl\":\"https:\\\/\\\/www.grupamar.es\\\/wp-content\\\/uploads\\\/2026\\\/02\\\/FV-2-1.jpg\",\"articleSection\":[\"Company\",\"featured\"],\"inLanguage\":\"en-US\"},{\"@type\":\"WebPage\",\"@id\":\"https:\\\/\\\/www.grupamar.es\\\/en\\\/grupamar-nuevas-instalaciones-fotovoltaicas-en-mallorca-y-menorca\\\/\",\"url\":\"https:\\\/\\\/www.grupamar.es\\\/en\\\/grupamar-nuevas-instalaciones-fotovoltaicas-en-mallorca-y-menorca\\\/\",\"name\":\"GrupaMar impulsa la transici\u00f3n energ\u00e9tica con nuevas instalaciones fotovoltaicas en Mallorca y Menorca - GrupaMar\",\"isPartOf\":{\"@id\":\"https:\\\/\\\/www.grupamar.es\\\/en\\\/#website\"},\"primaryImageOfPage\":{\"@id\":\"https:\\\/\\\/www.grupamar.es\\\/en\\\/grupamar-nuevas-instalaciones-fotovoltaicas-en-mallorca-y-menorca\\\/#primaryimage\"},\"image\":{\"@id\":\"https:\\\/\\\/www.grupamar.es\\\/en\\\/grupamar-nuevas-instalaciones-fotovoltaicas-en-mallorca-y-menorca\\\/#primaryimage\"},\"thumbnailUrl\":\"https:\\\/\\\/www.grupamar.es\\\/wp-content\\\/uploads\\\/2026\\\/02\\\/FV-2-1.jpg\",\"datePublished\":\"2026-02-24T08:12:15+00:00\",\"dateModified\":\"2026-03-31T11:45:58+00:00\",\"author\":{\"@id\":\"https:\\\/\\\/www.grupamar.es\\\/en\\\/#\\\/schema\\\/person\\\/e439b0db1d8f0a18c0259ebc8e1372e9\"},\"inLanguage\":\"en-US\",\"potentialAction\":[{\"@type\":\"ReadAction\",\"target\":[\"https:\\\/\\\/www.grupamar.es\\\/en\\\/grupamar-nuevas-instalaciones-fotovoltaicas-en-mallorca-y-menorca\\\/\"]}]},{\"@type\":\"ImageObject\",\"inLanguage\":\"en-US\",\"@id\":\"https:\\\/\\\/www.grupamar.es\\\/en\\\/grupamar-nuevas-instalaciones-fotovoltaicas-en-mallorca-y-menorca\\\/#primaryimage\",\"url\":\"https:\\\/\\\/www.grupamar.es\\\/wp-content\\\/uploads\\\/2026\\\/02\\\/FV-2-1.jpg\",\"contentUrl\":\"https:\\\/\\\/www.grupamar.es\\\/wp-content\\\/uploads\\\/2026\\\/02\\\/FV-2-1.jpg\",\"width\":2000,\"height\":1414},{\"@type\":\"WebSite\",\"@id\":\"https:\\\/\\\/www.grupamar.es\\\/en\\\/#website\",\"url\":\"https:\\\/\\\/www.grupamar.es\\\/en\\\/\",\"name\":\"GrupaMar\",\"description\":\"\",\"potentialAction\":[{\"@type\":\"SearchAction\",\"target\":{\"@type\":\"EntryPoint\",\"urlTemplate\":\"https:\\\/\\\/www.grupamar.es\\\/en\\\/?s={search_term_string}\"},\"query-input\":{\"@type\":\"PropertyValueSpecification\",\"valueRequired\":true,\"valueName\":\"search_term_string\"}}],\"inLanguage\":\"en-US\"},{\"@type\":\"Person\",\"@id\":\"https:\\\/\\\/www.grupamar.es\\\/en\\\/#\\\/schema\\\/person\\\/e439b0db1d8f0a18c0259ebc8e1372e9\",\"name\":\"gR25Pmr\",\"image\":{\"@type\":\"ImageObject\",\"inLanguage\":\"en-US\",\"@id\":\"https:\\\/\\\/secure.gravatar.com\\\/avatar\\\/b904e836584635855eaa0ee2922bae4fe2aa94ffb558048dcc5dac5f98f0fadc?s=96&d=mm&r=g\",\"url\":\"https:\\\/\\\/secure.gravatar.com\\\/avatar\\\/b904e836584635855eaa0ee2922bae4fe2aa94ffb558048dcc5dac5f98f0fadc?s=96&d=mm&r=g\",\"contentUrl\":\"https:\\\/\\\/secure.gravatar.com\\\/avatar\\\/b904e836584635855eaa0ee2922bae4fe2aa94ffb558048dcc5dac5f98f0fadc?s=96&d=mm&r=g\",\"caption\":\"gR25Pmr\"},\"sameAs\":[\"https:\\\/\\\/www.grupamar.es\"],\"url\":\"https:\\\/\\\/www.grupamar.es\\\/en\\\/author\\\/gr25pmr\\\/\"}]}<\/script>\n<!-- \/ Yoast SEO plugin. -->","yoast_head_json":{"title":"GrupaMar impulsa la transici\u00f3n energ\u00e9tica con nuevas instalaciones fotovoltaicas en Mallorca y Menorca - GrupaMar","robots":{"index":"index","follow":"follow","max-snippet":"max-snippet:-1","max-image-preview":"max-image-preview:large","max-video-preview":"max-video-preview:-1"},"canonical":"https:\/\/www.grupamar.es\/en\/grupamar-nuevas-instalaciones-fotovoltaicas-en-mallorca-y-menorca\/","og_locale":"en_US","og_type":"article","og_title":"GrupaMar impulsa la transici\u00f3n energ\u00e9tica con nuevas instalaciones fotovoltaicas en Mallorca y Menorca - GrupaMar","og_description":"En GrupaMar, nuestro compromiso con el entorno y la eficiencia operativa marca el camino de cada uno de nuestros pasos. Fieles a nuestros valores de Innovaci\u00f3n y Eficiencia, y a nuestra pol\u00edtica de Sostenibilidad, estamos finalizando dos ambiciosos proyectos de autoconsumo fotovoltaico en nuestras delegaciones de Baleares. Hacia un modelo log\u00edstico m\u00e1s limpio Hemos transformado [&hellip;]","og_url":"https:\/\/www.grupamar.es\/en\/grupamar-nuevas-instalaciones-fotovoltaicas-en-mallorca-y-menorca\/","og_site_name":"GrupaMar","article_published_time":"2026-02-24T08:12:15+00:00","article_modified_time":"2026-03-31T11:45:58+00:00","og_image":[{"width":2000,"height":1414,"url":"https:\/\/www.grupamar.es\/wp-content\/uploads\/2026\/02\/FV-2-1.jpg","type":"image\/jpeg"}],"author":"gR25Pmr","twitter_card":"summary_large_image","twitter_misc":{"Written by":"gR25Pmr","Est. reading time":"3 minutes"},"schema":{"@context":"https:\/\/schema.org","@graph":[{"@type":"Article","@id":"https:\/\/www.grupamar.es\/en\/grupamar-nuevas-instalaciones-fotovoltaicas-en-mallorca-y-menorca\/#article","isPartOf":{"@id":"https:\/\/www.grupamar.es\/en\/grupamar-nuevas-instalaciones-fotovoltaicas-en-mallorca-y-menorca\/"},"author":{"name":"gR25Pmr","@id":"https:\/\/www.grupamar.es\/en\/#\/schema\/person\/e439b0db1d8f0a18c0259ebc8e1372e9"},"headline":"GrupaMar impulsa la transici\u00f3n energ\u00e9tica con nuevas instalaciones fotovoltaicas en Mallorca y Menorca","datePublished":"2026-02-24T08:12:15+00:00","dateModified":"2026-03-31T11:45:58+00:00","mainEntityOfPage":{"@id":"https:\/\/www.grupamar.es\/en\/grupamar-nuevas-instalaciones-fotovoltaicas-en-mallorca-y-menorca\/"},"wordCount":381,"image":{"@id":"https:\/\/www.grupamar.es\/en\/grupamar-nuevas-instalaciones-fotovoltaicas-en-mallorca-y-menorca\/#primaryimage"},"thumbnailUrl":"https:\/\/www.grupamar.es\/wp-content\/uploads\/2026\/02\/FV-2-1.jpg","articleSection":["Company","featured"],"inLanguage":"en-US"},{"@type":"WebPage","@id":"https:\/\/www.grupamar.es\/en\/grupamar-nuevas-instalaciones-fotovoltaicas-en-mallorca-y-menorca\/","url":"https:\/\/www.grupamar.es\/en\/grupamar-nuevas-instalaciones-fotovoltaicas-en-mallorca-y-menorca\/","name":"GrupaMar impulsa la transici\u00f3n energ\u00e9tica con nuevas instalaciones fotovoltaicas en Mallorca y Menorca - GrupaMar","isPartOf":{"@id":"https:\/\/www.grupamar.es\/en\/#website"},"primaryImageOfPage":{"@id":"https:\/\/www.grupamar.es\/en\/grupamar-nuevas-instalaciones-fotovoltaicas-en-mallorca-y-menorca\/#primaryimage"},"image":{"@id":"https:\/\/www.grupamar.es\/en\/grupamar-nuevas-instalaciones-fotovoltaicas-en-mallorca-y-menorca\/#primaryimage"},"thumbnailUrl":"https:\/\/www.grupamar.es\/wp-content\/uploads\/2026\/02\/FV-2-1.jpg","datePublished":"2026-02-24T08:12:15+00:00","dateModified":"2026-03-31T11:45:58+00:00","author":{"@id":"https:\/\/www.grupamar.es\/en\/#\/schema\/person\/e439b0db1d8f0a18c0259ebc8e1372e9"},"inLanguage":"en-US","potentialAction":[{"@type":"ReadAction","target":["https:\/\/www.grupamar.es\/en\/grupamar-nuevas-instalaciones-fotovoltaicas-en-mallorca-y-menorca\/"]}]},{"@type":"ImageObject","inLanguage":"en-US","@id":"https:\/\/www.grupamar.es\/en\/grupamar-nuevas-instalaciones-fotovoltaicas-en-mallorca-y-menorca\/#primaryimage","url":"https:\/\/www.grupamar.es\/wp-content\/uploads\/2026\/02\/FV-2-1.jpg","contentUrl":"https:\/\/www.grupamar.es\/wp-content\/uploads\/2026\/02\/FV-2-1.jpg","width":2000,"height":1414},{"@type":"WebSite","@id":"https:\/\/www.grupamar.es\/en\/#website","url":"https:\/\/www.grupamar.es\/en\/","name":"GrupaMar","description":"","potentialAction":[{"@type":"SearchAction","target":{"@type":"EntryPoint","urlTemplate":"https:\/\/www.grupamar.es\/en\/?s={search_term_string}"},"query-input":{"@type":"PropertyValueSpecification","valueRequired":true,"valueName":"search_term_string"}}],"inLanguage":"en-US"},{"@type":"Person","@id":"https:\/\/www.grupamar.es\/en\/#\/schema\/person\/e439b0db1d8f0a18c0259ebc8e1372e9","name":"gR25Pmr","image":{"@type":"ImageObject","inLanguage":"en-US","@id":"https:\/\/secure.gravatar.com\/avatar\/b904e836584635855eaa0ee2922bae4fe2aa94ffb558048dcc5dac5f98f0fadc?s=96&d=mm&r=g","url":"https:\/\/secure.gravatar.com\/avatar\/b904e836584635855eaa0ee2922bae4fe2aa94ffb558048dcc5dac5f98f0fadc?s=96&d=mm&r=g","contentUrl":"https:\/\/secure.gravatar.com\/avatar\/b904e836584635855eaa0ee2922bae4fe2aa94ffb558048dcc5dac5f98f0fadc?s=96&d=mm&r=g","caption":"gR25Pmr"},"sameAs":["https:\/\/www.grupamar.es"],"url":"https:\/\/www.grupamar.es\/en\/author\/gr25pmr\/"}]}},"_links":{"self":[{"href":"https:\/\/www.grupamar.es\/en\/wp-json\/wp\/v2\/posts\/1595","targetHints":{"allow":["GET"]}}],"collection":[{"href":"https:\/\/www.grupamar.es\/en\/wp-json\/wp\/v2\/posts"}],"about":[{"href":"https:\/\/www.grupamar.es\/en\/wp-json\/wp\/v2\/types\/post"}],"author":[{"embeddable":true,"href":"https:\/\/www.grupamar.es\/en\/wp-json\/wp\/v2\/users\/1"}],"replies":[{"embeddable":true,"href":"https:\/\/www.grupamar.es\/en\/wp-json\/wp\/v2\/comments?post=1595"}],"version-history":[{"count":4,"href":"https:\/\/www.grupamar.es\/en\/wp-json\/wp\/v2\/posts\/1595\/revisions"}],"predecessor-version":[{"id":1658,"href":"https:\/\/www.grupamar.es\/en\/wp-json\/wp\/v2\/posts\/1595\/revisions\/1658"}],"wp:featuredmedia":[{"embeddable":true,"href":"https:\/\/www.grupamar.es\/en\/wp-json\/wp\/v2\/media\/1458"}],"wp:attachment":[{"href":"https:\/\/www.grupamar.es\/en\/wp-json\/wp\/v2\/media?parent=1595"}],"wp:term":[{"taxonomy":"category","embeddable":true,"href":"https:\/\/www.grupamar.es\/en\/wp-json\/wp\/v2\/categories?post=1595"}],"curies":[{"name":"wp","href":"https:\/\/api.w.org\/{rel}","templated":true}]}}