{"id":1594,"date":"2024-11-22T11:21:39","date_gmt":"2024-11-22T11:21:39","guid":{"rendered":"https:\/\/www.grupamar.es\/convencion-anual-grupamar-valencia\/"},"modified":"2026-03-10T13:12:30","modified_gmt":"2026-03-10T13:12:30","slug":"convencion-anual-grupamar-valencia","status":"publish","type":"post","link":"https:\/\/www.grupamar.es\/en\/convencion-anual-grupamar-valencia\/","title":{"rendered":"Compromiso y mejora continua: Convenci\u00f3n anual de GrupaMar en Valencia"},"content":{"rendered":"<p>Los pasados 21 y 22 de noviembre, GrupaMar &#8211; Transporte y Log\u00edstica celebr\u00f3 su <strong>convenci\u00f3n anual en Valencia<\/strong>, un encuentro que este a\u00f1o tuvo un significado especial. Visitamos nuestra <strong>delegaci\u00f3n en Paiporta<\/strong>, recientemente afectada por los efectos de la DANA, para apoyar y reconocer el esfuerzo de todo el equipo. Gracias a su compromiso y dedicaci\u00f3n, la actividad ha vuelto a la normalidad. Nuestro presidente les dedic\u00f3 emotivas palabras de <strong>agradecimiento y respaldo<\/strong>.<\/p>\n<p><img decoding=\"async\" class=\"alignnone size-full wp-image-801\" src=\"https:\/\/www.grupamar.es\/wp-content\/uploads\/2024\/11\/1733244478203.jpg\" alt=\"\" width=\"2040\" height=\"1530\" srcset=\"https:\/\/www.grupamar.es\/wp-content\/uploads\/2024\/11\/1733244478203.jpg 2040w, https:\/\/www.grupamar.es\/wp-content\/uploads\/2024\/11\/1733244478203-1573x1180.jpg 1573w, https:\/\/www.grupamar.es\/wp-content\/uploads\/2024\/11\/1733244478203-1200x900.jpg 1200w, https:\/\/www.grupamar.es\/wp-content\/uploads\/2024\/11\/1733244478203-750x563.jpg 750w, https:\/\/www.grupamar.es\/wp-content\/uploads\/2024\/11\/1733244478203-400x300.jpg 400w\" sizes=\"(max-width: 2040px) 100vw, 2040px\" \/><\/p>\n<p>Adem\u00e1s, fueron d\u00edas de <strong>aprendizaje y trabajo colaborativo<\/strong>. Realizamos actividades del proyecto de <strong>consultor\u00eda LEAN<\/strong>, liderado por PROGRESSA LEAN, que estamos implantando en GrupaMar, con el objetivo de fortalecer la eficiencia y la calidad en todos los niveles de la empresa.<\/p>\n<p><img decoding=\"async\" class=\"alignnone size-full wp-image-799\" src=\"https:\/\/www.grupamar.es\/wp-content\/uploads\/2024\/11\/1733244478034.jpg\" alt=\"\" width=\"1600\" height=\"738\" srcset=\"https:\/\/www.grupamar.es\/wp-content\/uploads\/2024\/11\/1733244478034.jpg 1600w, https:\/\/www.grupamar.es\/wp-content\/uploads\/2024\/11\/1733244478034-750x346.jpg 750w, https:\/\/www.grupamar.es\/wp-content\/uploads\/2024\/11\/1733244478034-400x185.jpg 400w\" sizes=\"(max-width: 1600px) 100vw, 1600px\" \/><\/p>\n<p>Seguimos comprometidos con la mejora continua para ofrecer un servicio de excelencia.<\/p>\n<p><a class=\"cta\" href=\"https:\/\/www.linkedin.com\/posts\/grupajesdelmar-grupamar_todosconvalencia-leanmanagement-formaciaejnquetransforma-activity-7269754259196309505-bVS-?utm_source=share&amp;utm_medium=member_desktop&amp;rcm=ACoAAAObqmkBuk1pWBUyCdR-xc8XQqRrYL1XrbI\" target=\"_blank\" rel=\"noopener\">+Info<\/a><\/p>\n","protected":false},"excerpt":{"rendered":"<p>Los pasados 21 y 22 de noviembre, GrupaMar &#8211; Transporte y Log\u00edstica celebr\u00f3 su convenci\u00f3n anual en Valencia, un encuentro que este a\u00f1o tuvo un significado especial. Visitamos nuestra delegaci\u00f3n en Paiporta, recientemente afectada por los efectos de la DANA, para apoyar y reconocer el esfuerzo de todo el equipo. Gracias a su compromiso y [&hellip;]<\/p>\n","protected":false},"author":1,"featured_media":797,"comment_status":"closed","ping_status":"closed","sticky":false,"template":"","format":"standard","meta":{"_acf_changed":false,"footnotes":""},"categories":[],"class_list":["post-1594","post","type-post","status-publish","format-standard","has-post-thumbnail","hentry"],"acf":[],"yoast_head":"<!-- This site is optimized with the Yoast SEO plugin v27.4 - https:\/\/yoast.com\/product\/yoast-seo-wordpress\/ -->\n<title>Compromiso y mejora continua: Convenci\u00f3n anual de GrupaMar en Valencia - GrupaMar<\/title>\n<meta name=\"robots\" content=\"index, follow, max-snippet:-1, max-image-preview:large, max-video-preview:-1\" \/>\n<link rel=\"canonical\" href=\"https:\/\/www.grupamar.es\/en\/convencion-anual-grupamar-valencia\/\" \/>\n<meta property=\"og:locale\" content=\"en_US\" \/>\n<meta property=\"og:type\" content=\"article\" \/>\n<meta property=\"og:title\" content=\"Compromiso y mejora continua: Convenci\u00f3n anual de GrupaMar en Valencia - GrupaMar\" \/>\n<meta property=\"og:description\" content=\"Los pasados 21 y 22 de noviembre, GrupaMar &#8211; Transporte y Log\u00edstica celebr\u00f3 su convenci\u00f3n anual en Valencia, un encuentro que este a\u00f1o tuvo un significado especial. Visitamos nuestra delegaci\u00f3n en Paiporta, recientemente afectada por los efectos de la DANA, para apoyar y reconocer el esfuerzo de todo el equipo. Gracias a su compromiso y [&hellip;]\" \/>\n<meta property=\"og:url\" content=\"https:\/\/www.grupamar.es\/en\/convencion-anual-grupamar-valencia\/\" \/>\n<meta property=\"og:site_name\" content=\"GrupaMar\" \/>\n<meta property=\"article:published_time\" content=\"2024-11-22T11:21:39+00:00\" \/>\n<meta property=\"article:modified_time\" content=\"2026-03-10T13:12:30+00:00\" \/>\n<meta property=\"og:image\" content=\"https:\/\/www.grupamar.es\/wp-content\/uploads\/2024\/11\/jjjjjjjjjjjjjjjj.jpg\" \/>\n\t<meta property=\"og:image:width\" content=\"2000\" \/>\n\t<meta property=\"og:image:height\" content=\"948\" \/>\n\t<meta property=\"og:image:type\" content=\"image\/jpeg\" \/>\n<meta name=\"author\" content=\"gR25Pmr\" \/>\n<meta name=\"twitter:card\" content=\"summary_large_image\" \/>\n<meta name=\"twitter:label1\" content=\"Written by\" \/>\n\t<meta name=\"twitter:data1\" content=\"gR25Pmr\" \/>\n\t<meta name=\"twitter:label2\" content=\"Est. reading time\" \/>\n\t<meta name=\"twitter:data2\" content=\"2 minutes\" \/>\n<script type=\"application\/ld+json\" class=\"yoast-schema-graph\">{\"@context\":\"https:\\\/\\\/schema.org\",\"@graph\":[{\"@type\":\"Article\",\"@id\":\"https:\\\/\\\/www.grupamar.es\\\/en\\\/convencion-anual-grupamar-valencia\\\/#article\",\"isPartOf\":{\"@id\":\"https:\\\/\\\/www.grupamar.es\\\/en\\\/convencion-anual-grupamar-valencia\\\/\"},\"author\":{\"name\":\"gR25Pmr\",\"@id\":\"https:\\\/\\\/www.grupamar.es\\\/en\\\/#\\\/schema\\\/person\\\/e439b0db1d8f0a18c0259ebc8e1372e9\"},\"headline\":\"Compromiso y mejora continua: Convenci\u00f3n anual de GrupaMar en Valencia\",\"datePublished\":\"2024-11-22T11:21:39+00:00\",\"dateModified\":\"2026-03-10T13:12:30+00:00\",\"mainEntityOfPage\":{\"@id\":\"https:\\\/\\\/www.grupamar.es\\\/en\\\/convencion-anual-grupamar-valencia\\\/\"},\"wordCount\":144,\"image\":{\"@id\":\"https:\\\/\\\/www.grupamar.es\\\/en\\\/convencion-anual-grupamar-valencia\\\/#primaryimage\"},\"thumbnailUrl\":\"https:\\\/\\\/www.grupamar.es\\\/wp-content\\\/uploads\\\/2024\\\/11\\\/jjjjjjjjjjjjjjjj.jpg\",\"inLanguage\":\"en-US\"},{\"@type\":\"WebPage\",\"@id\":\"https:\\\/\\\/www.grupamar.es\\\/en\\\/convencion-anual-grupamar-valencia\\\/\",\"url\":\"https:\\\/\\\/www.grupamar.es\\\/en\\\/convencion-anual-grupamar-valencia\\\/\",\"name\":\"Compromiso y mejora continua: Convenci\u00f3n anual de GrupaMar en Valencia - GrupaMar\",\"isPartOf\":{\"@id\":\"https:\\\/\\\/www.grupamar.es\\\/en\\\/#website\"},\"primaryImageOfPage\":{\"@id\":\"https:\\\/\\\/www.grupamar.es\\\/en\\\/convencion-anual-grupamar-valencia\\\/#primaryimage\"},\"image\":{\"@id\":\"https:\\\/\\\/www.grupamar.es\\\/en\\\/convencion-anual-grupamar-valencia\\\/#primaryimage\"},\"thumbnailUrl\":\"https:\\\/\\\/www.grupamar.es\\\/wp-content\\\/uploads\\\/2024\\\/11\\\/jjjjjjjjjjjjjjjj.jpg\",\"datePublished\":\"2024-11-22T11:21:39+00:00\",\"dateModified\":\"2026-03-10T13:12:30+00:00\",\"author\":{\"@id\":\"https:\\\/\\\/www.grupamar.es\\\/en\\\/#\\\/schema\\\/person\\\/e439b0db1d8f0a18c0259ebc8e1372e9\"},\"inLanguage\":\"en-US\",\"potentialAction\":[{\"@type\":\"ReadAction\",\"target\":[\"https:\\\/\\\/www.grupamar.es\\\/en\\\/convencion-anual-grupamar-valencia\\\/\"]}]},{\"@type\":\"ImageObject\",\"inLanguage\":\"en-US\",\"@id\":\"https:\\\/\\\/www.grupamar.es\\\/en\\\/convencion-anual-grupamar-valencia\\\/#primaryimage\",\"url\":\"https:\\\/\\\/www.grupamar.es\\\/wp-content\\\/uploads\\\/2024\\\/11\\\/jjjjjjjjjjjjjjjj.jpg\",\"contentUrl\":\"https:\\\/\\\/www.grupamar.es\\\/wp-content\\\/uploads\\\/2024\\\/11\\\/jjjjjjjjjjjjjjjj.jpg\",\"width\":2000,\"height\":948},{\"@type\":\"WebSite\",\"@id\":\"https:\\\/\\\/www.grupamar.es\\\/en\\\/#website\",\"url\":\"https:\\\/\\\/www.grupamar.es\\\/en\\\/\",\"name\":\"GrupaMar\",\"description\":\"\",\"potentialAction\":[{\"@type\":\"SearchAction\",\"target\":{\"@type\":\"EntryPoint\",\"urlTemplate\":\"https:\\\/\\\/www.grupamar.es\\\/en\\\/?s={search_term_string}\"},\"query-input\":{\"@type\":\"PropertyValueSpecification\",\"valueRequired\":true,\"valueName\":\"search_term_string\"}}],\"inLanguage\":\"en-US\"},{\"@type\":\"Person\",\"@id\":\"https:\\\/\\\/www.grupamar.es\\\/en\\\/#\\\/schema\\\/person\\\/e439b0db1d8f0a18c0259ebc8e1372e9\",\"name\":\"gR25Pmr\",\"image\":{\"@type\":\"ImageObject\",\"inLanguage\":\"en-US\",\"@id\":\"https:\\\/\\\/secure.gravatar.com\\\/avatar\\\/b904e836584635855eaa0ee2922bae4fe2aa94ffb558048dcc5dac5f98f0fadc?s=96&d=mm&r=g\",\"url\":\"https:\\\/\\\/secure.gravatar.com\\\/avatar\\\/b904e836584635855eaa0ee2922bae4fe2aa94ffb558048dcc5dac5f98f0fadc?s=96&d=mm&r=g\",\"contentUrl\":\"https:\\\/\\\/secure.gravatar.com\\\/avatar\\\/b904e836584635855eaa0ee2922bae4fe2aa94ffb558048dcc5dac5f98f0fadc?s=96&d=mm&r=g\",\"caption\":\"gR25Pmr\"},\"sameAs\":[\"https:\\\/\\\/www.grupamar.es\"],\"url\":\"https:\\\/\\\/www.grupamar.es\\\/en\\\/author\\\/gr25pmr\\\/\"}]}<\/script>\n<!-- \/ Yoast SEO plugin. -->","yoast_head_json":{"title":"Compromiso y mejora continua: Convenci\u00f3n anual de GrupaMar en Valencia - GrupaMar","robots":{"index":"index","follow":"follow","max-snippet":"max-snippet:-1","max-image-preview":"max-image-preview:large","max-video-preview":"max-video-preview:-1"},"canonical":"https:\/\/www.grupamar.es\/en\/convencion-anual-grupamar-valencia\/","og_locale":"en_US","og_type":"article","og_title":"Compromiso y mejora continua: Convenci\u00f3n anual de GrupaMar en Valencia - GrupaMar","og_description":"Los pasados 21 y 22 de noviembre, GrupaMar &#8211; Transporte y Log\u00edstica celebr\u00f3 su convenci\u00f3n anual en Valencia, un encuentro que este a\u00f1o tuvo un significado especial. Visitamos nuestra delegaci\u00f3n en Paiporta, recientemente afectada por los efectos de la DANA, para apoyar y reconocer el esfuerzo de todo el equipo. Gracias a su compromiso y [&hellip;]","og_url":"https:\/\/www.grupamar.es\/en\/convencion-anual-grupamar-valencia\/","og_site_name":"GrupaMar","article_published_time":"2024-11-22T11:21:39+00:00","article_modified_time":"2026-03-10T13:12:30+00:00","og_image":[{"width":2000,"height":948,"url":"https:\/\/www.grupamar.es\/wp-content\/uploads\/2024\/11\/jjjjjjjjjjjjjjjj.jpg","type":"image\/jpeg"}],"author":"gR25Pmr","twitter_card":"summary_large_image","twitter_misc":{"Written by":"gR25Pmr","Est. reading time":"2 minutes"},"schema":{"@context":"https:\/\/schema.org","@graph":[{"@type":"Article","@id":"https:\/\/www.grupamar.es\/en\/convencion-anual-grupamar-valencia\/#article","isPartOf":{"@id":"https:\/\/www.grupamar.es\/en\/convencion-anual-grupamar-valencia\/"},"author":{"name":"gR25Pmr","@id":"https:\/\/www.grupamar.es\/en\/#\/schema\/person\/e439b0db1d8f0a18c0259ebc8e1372e9"},"headline":"Compromiso y mejora continua: Convenci\u00f3n anual de GrupaMar en Valencia","datePublished":"2024-11-22T11:21:39+00:00","dateModified":"2026-03-10T13:12:30+00:00","mainEntityOfPage":{"@id":"https:\/\/www.grupamar.es\/en\/convencion-anual-grupamar-valencia\/"},"wordCount":144,"image":{"@id":"https:\/\/www.grupamar.es\/en\/convencion-anual-grupamar-valencia\/#primaryimage"},"thumbnailUrl":"https:\/\/www.grupamar.es\/wp-content\/uploads\/2024\/11\/jjjjjjjjjjjjjjjj.jpg","inLanguage":"en-US"},{"@type":"WebPage","@id":"https:\/\/www.grupamar.es\/en\/convencion-anual-grupamar-valencia\/","url":"https:\/\/www.grupamar.es\/en\/convencion-anual-grupamar-valencia\/","name":"Compromiso y mejora continua: Convenci\u00f3n anual de GrupaMar en Valencia - GrupaMar","isPartOf":{"@id":"https:\/\/www.grupamar.es\/en\/#website"},"primaryImageOfPage":{"@id":"https:\/\/www.grupamar.es\/en\/convencion-anual-grupamar-valencia\/#primaryimage"},"image":{"@id":"https:\/\/www.grupamar.es\/en\/convencion-anual-grupamar-valencia\/#primaryimage"},"thumbnailUrl":"https:\/\/www.grupamar.es\/wp-content\/uploads\/2024\/11\/jjjjjjjjjjjjjjjj.jpg","datePublished":"2024-11-22T11:21:39+00:00","dateModified":"2026-03-10T13:12:30+00:00","author":{"@id":"https:\/\/www.grupamar.es\/en\/#\/schema\/person\/e439b0db1d8f0a18c0259ebc8e1372e9"},"inLanguage":"en-US","potentialAction":[{"@type":"ReadAction","target":["https:\/\/www.grupamar.es\/en\/convencion-anual-grupamar-valencia\/"]}]},{"@type":"ImageObject","inLanguage":"en-US","@id":"https:\/\/www.grupamar.es\/en\/convencion-anual-grupamar-valencia\/#primaryimage","url":"https:\/\/www.grupamar.es\/wp-content\/uploads\/2024\/11\/jjjjjjjjjjjjjjjj.jpg","contentUrl":"https:\/\/www.grupamar.es\/wp-content\/uploads\/2024\/11\/jjjjjjjjjjjjjjjj.jpg","width":2000,"height":948},{"@type":"WebSite","@id":"https:\/\/www.grupamar.es\/en\/#website","url":"https:\/\/www.grupamar.es\/en\/","name":"GrupaMar","description":"","potentialAction":[{"@type":"SearchAction","target":{"@type":"EntryPoint","urlTemplate":"https:\/\/www.grupamar.es\/en\/?s={search_term_string}"},"query-input":{"@type":"PropertyValueSpecification","valueRequired":true,"valueName":"search_term_string"}}],"inLanguage":"en-US"},{"@type":"Person","@id":"https:\/\/www.grupamar.es\/en\/#\/schema\/person\/e439b0db1d8f0a18c0259ebc8e1372e9","name":"gR25Pmr","image":{"@type":"ImageObject","inLanguage":"en-US","@id":"https:\/\/secure.gravatar.com\/avatar\/b904e836584635855eaa0ee2922bae4fe2aa94ffb558048dcc5dac5f98f0fadc?s=96&d=mm&r=g","url":"https:\/\/secure.gravatar.com\/avatar\/b904e836584635855eaa0ee2922bae4fe2aa94ffb558048dcc5dac5f98f0fadc?s=96&d=mm&r=g","contentUrl":"https:\/\/secure.gravatar.com\/avatar\/b904e836584635855eaa0ee2922bae4fe2aa94ffb558048dcc5dac5f98f0fadc?s=96&d=mm&r=g","caption":"gR25Pmr"},"sameAs":["https:\/\/www.grupamar.es"],"url":"https:\/\/www.grupamar.es\/en\/author\/gr25pmr\/"}]}},"_links":{"self":[{"href":"https:\/\/www.grupamar.es\/en\/wp-json\/wp\/v2\/posts\/1594","targetHints":{"allow":["GET"]}}],"collection":[{"href":"https:\/\/www.grupamar.es\/en\/wp-json\/wp\/v2\/posts"}],"about":[{"href":"https:\/\/www.grupamar.es\/en\/wp-json\/wp\/v2\/types\/post"}],"author":[{"embeddable":true,"href":"https:\/\/www.grupamar.es\/en\/wp-json\/wp\/v2\/users\/1"}],"replies":[{"embeddable":true,"href":"https:\/\/www.grupamar.es\/en\/wp-json\/wp\/v2\/comments?post=1594"}],"version-history":[{"count":1,"href":"https:\/\/www.grupamar.es\/en\/wp-json\/wp\/v2\/posts\/1594\/revisions"}],"predecessor-version":[{"id":1610,"href":"https:\/\/www.grupamar.es\/en\/wp-json\/wp\/v2\/posts\/1594\/revisions\/1610"}],"wp:featuredmedia":[{"embeddable":true,"href":"https:\/\/www.grupamar.es\/en\/wp-json\/wp\/v2\/media\/797"}],"wp:attachment":[{"href":"https:\/\/www.grupamar.es\/en\/wp-json\/wp\/v2\/media?parent=1594"}],"wp:term":[{"taxonomy":"category","embeddable":true,"href":"https:\/\/www.grupamar.es\/en\/wp-json\/wp\/v2\/categories?post=1594"}],"curies":[{"name":"wp","href":"https:\/\/api.w.org\/{rel}","templated":true}]}}