{"id":1593,"date":"2024-11-29T11:07:30","date_gmt":"2024-11-29T11:07:30","guid":{"rendered":"https:\/\/www.grupamar.es\/articulo-diario-del-puerto-dana\/"},"modified":"2026-03-10T13:13:03","modified_gmt":"2026-03-10T13:13:03","slug":"articulo-diario-del-puerto-dana","status":"publish","type":"post","link":"https:\/\/www.grupamar.es\/en\/articulo-diario-del-puerto-dana\/","title":{"rendered":"Art\u00edculo Diario del Puerto: Atravesadas por la DANA, las empresas toman impulso gracias al apoyo de sus profesionales"},"content":{"rendered":"<p>Tras la cat\u00e1strofe, las compa\u00f1\u00edas se adaptaron para retomar los servicios y ayudar en las tareas de reconstrucci\u00f3n y abastecimiento<br \/>\nEl factor humano ha sido clave para impulsar la actividad de los operadores log\u00edsticos que, tras ser atravesados por la DANA, se han recompuesto para dar servicio y ayudar en la reconstrucci\u00f3n.<br \/>\n(\u2026)<br \/>\nGrupaMar<br \/>\nJos\u00e9 Juli\u00e1n Murcia, director de GrupaMar, narra su experiencia desde la zona cero. \u201cHa sido un mes muy duro y complicado, en especial las dos primeras semanas, en las que hemos alternado la limpieza de las instalaciones; la reactivaci\u00f3n de los servicios de log\u00edstica a las Islas Baleares, Canarias, Ceuta y Melilla; y el apoyo al Ayuntamiento y Polic\u00eda Local de Paiporta destinando nuestras instalaciones para la descarga y reparto de ayuda humanitaria que llegaba de todos los rincones de Espa\u00f1a, as\u00ed como la descarga en nuestros muelles de maquinaria pesada para las labores de limpieza de la zona cero. Podemos decir como mucha satisfacci\u00f3n que a d\u00eda de hoy estamos 100% operativos\u201d.<\/p>\n<p>Cabe mencionar que toda la parte de instalaciones de GrupaMar que est\u00e1n a nivel de la calle se inundaron hasta los 135 cm dejando unos 25 cm de lodo. \u201cTen\u00edamos las oficinas reci\u00e9n reformadas, pero somos afortunados de que las p\u00e9rdidas han sido s\u00f3lo materiales\u201d.<\/p>\n<p><img decoding=\"async\" class=\"alignnone wp-image-761\" src=\"https:\/\/www.grupamar.es\/wp-content\/uploads\/2024\/11\/GrupaMar_lazo-negro.png\" alt=\"transportes-grupama\" width=\"1080\" height=\"748\" srcset=\"https:\/\/www.grupamar.es\/wp-content\/uploads\/2024\/11\/GrupaMar_lazo-negro.png 446w, https:\/\/www.grupamar.es\/wp-content\/uploads\/2024\/11\/GrupaMar_lazo-negro-400x277.png 400w\" sizes=\"(max-width: 1080px) 100vw, 1080px\" \/><\/p>\n<p>Acerca de las previsiones de actividad, el director explica que dejar\u00e1n sus resultados en favor de mantener el puesto de trabajo de su equipo de la delegaci\u00f3n de Valencia al 100% y de destinar recursos econ\u00f3micos propios para ayudar a todos los empleados que han sufrido alg\u00fan tipo de p\u00e9rdida material.<\/p>\n<p>Finalmente, Murcia destaca que la necesidad compartida con todos los vecinos de la zona industrial de La Pascualeta, en Paiporta: \u201cque se avance cuanto antes la limpieza de las v\u00edas ya que el polvo en suspensi\u00f3n hace muy desagradable nuestro trabajo y el avance de la reconstrucci\u00f3n de las instalaciones\u201d. Adem\u00e1s, de que las ayudas econ\u00f3micas de las diferentes instituciones \u201cse materialicen y lo hagan lo antes posible\u201d.<\/p>\n<p><a class=\"cta\" href=\"https:\/\/www.diariodelpuerto.com\/logistica\/atravesadas-por-la-dana-las-empresas-toman-impulso-gracias-al-apoyo-de-sus-profesionales-ND22125109\" target=\"_blank\" rel=\"noopener\">Art\u00edculo completo<\/a><\/p>\n<p><a class=\"cta\" href=\"https:\/\/www.linkedin.com\/posts\/grupajesdelmar-grupamar_desde-grupamar-transporte-y-log%C3%ADstica-queremos-activity-7259975372824334336-R8ZA\/?utm_source=share&amp;utm_medium=member_desktop&amp;rcm=ACoAAAObqmkBuk1pWBUyCdR-xc8XQqRrYL1XrbI\" target=\"_blank\" rel=\"noopener\">+Info<\/a><\/p>\n","protected":false},"excerpt":{"rendered":"<p>Tras la cat\u00e1strofe, las compa\u00f1\u00edas se adaptaron para retomar los servicios y ayudar en las tareas de reconstrucci\u00f3n y abastecimiento El factor humano ha sido clave para impulsar la actividad de los operadores log\u00edsticos que, tras ser atravesados por la DANA, se han recompuesto para dar servicio y ayudar en la reconstrucci\u00f3n. (\u2026) GrupaMar Jos\u00e9 [&hellip;]<\/p>\n","protected":false},"author":1,"featured_media":759,"comment_status":"closed","ping_status":"closed","sticky":false,"template":"","format":"standard","meta":{"_acf_changed":false,"footnotes":""},"categories":[36,38],"class_list":["post-1593","post","type-post","status-publish","format-standard","has-post-thumbnail","hentry","category-industry","category-news"],"acf":[],"yoast_head":"<!-- This site is optimized with the Yoast SEO plugin v27.4 - https:\/\/yoast.com\/product\/yoast-seo-wordpress\/ -->\n<title>Art\u00edculo Diario del Puerto: Atravesadas por la DANA, las empresas toman impulso gracias al apoyo de sus profesionales - GrupaMar<\/title>\n<meta name=\"robots\" content=\"index, follow, max-snippet:-1, max-image-preview:large, max-video-preview:-1\" \/>\n<link rel=\"canonical\" href=\"https:\/\/www.grupamar.es\/en\/articulo-diario-del-puerto-dana\/\" \/>\n<meta property=\"og:locale\" content=\"en_US\" \/>\n<meta property=\"og:type\" content=\"article\" \/>\n<meta property=\"og:title\" content=\"Art\u00edculo Diario del Puerto: Atravesadas por la DANA, las empresas toman impulso gracias al apoyo de sus profesionales - GrupaMar\" \/>\n<meta property=\"og:description\" content=\"Tras la cat\u00e1strofe, las compa\u00f1\u00edas se adaptaron para retomar los servicios y ayudar en las tareas de reconstrucci\u00f3n y abastecimiento El factor humano ha sido clave para impulsar la actividad de los operadores log\u00edsticos que, tras ser atravesados por la DANA, se han recompuesto para dar servicio y ayudar en la reconstrucci\u00f3n. (\u2026) GrupaMar Jos\u00e9 [&hellip;]\" \/>\n<meta property=\"og:url\" content=\"https:\/\/www.grupamar.es\/en\/articulo-diario-del-puerto-dana\/\" \/>\n<meta property=\"og:site_name\" content=\"GrupaMar\" \/>\n<meta property=\"article:published_time\" content=\"2024-11-29T11:07:30+00:00\" \/>\n<meta property=\"article:modified_time\" content=\"2026-03-10T13:13:03+00:00\" \/>\n<meta property=\"og:image\" content=\"https:\/\/www.grupamar.es\/wp-content\/uploads\/2024\/11\/transportes-grupama.jpg\" \/>\n\t<meta property=\"og:image:width\" content=\"2000\" \/>\n\t<meta property=\"og:image:height\" content=\"948\" \/>\n\t<meta property=\"og:image:type\" content=\"image\/jpeg\" \/>\n<meta name=\"author\" content=\"gR25Pmr\" \/>\n<meta name=\"twitter:card\" content=\"summary_large_image\" \/>\n<meta name=\"twitter:label1\" content=\"Written by\" \/>\n\t<meta name=\"twitter:data1\" content=\"gR25Pmr\" \/>\n\t<meta name=\"twitter:label2\" content=\"Est. reading time\" \/>\n\t<meta name=\"twitter:data2\" content=\"2 minutes\" \/>\n<script type=\"application\/ld+json\" class=\"yoast-schema-graph\">{\"@context\":\"https:\\\/\\\/schema.org\",\"@graph\":[{\"@type\":\"Article\",\"@id\":\"https:\\\/\\\/www.grupamar.es\\\/en\\\/articulo-diario-del-puerto-dana\\\/#article\",\"isPartOf\":{\"@id\":\"https:\\\/\\\/www.grupamar.es\\\/en\\\/articulo-diario-del-puerto-dana\\\/\"},\"author\":{\"name\":\"gR25Pmr\",\"@id\":\"https:\\\/\\\/www.grupamar.es\\\/en\\\/#\\\/schema\\\/person\\\/e439b0db1d8f0a18c0259ebc8e1372e9\"},\"headline\":\"Art\u00edculo Diario del Puerto: Atravesadas por la DANA, las empresas toman impulso gracias al apoyo de sus profesionales\",\"datePublished\":\"2024-11-29T11:07:30+00:00\",\"dateModified\":\"2026-03-10T13:13:03+00:00\",\"mainEntityOfPage\":{\"@id\":\"https:\\\/\\\/www.grupamar.es\\\/en\\\/articulo-diario-del-puerto-dana\\\/\"},\"wordCount\":376,\"image\":{\"@id\":\"https:\\\/\\\/www.grupamar.es\\\/en\\\/articulo-diario-del-puerto-dana\\\/#primaryimage\"},\"thumbnailUrl\":\"https:\\\/\\\/www.grupamar.es\\\/wp-content\\\/uploads\\\/2024\\\/11\\\/transportes-grupama.jpg\",\"articleSection\":[\"Industry\",\"News\"],\"inLanguage\":\"en-US\"},{\"@type\":\"WebPage\",\"@id\":\"https:\\\/\\\/www.grupamar.es\\\/en\\\/articulo-diario-del-puerto-dana\\\/\",\"url\":\"https:\\\/\\\/www.grupamar.es\\\/en\\\/articulo-diario-del-puerto-dana\\\/\",\"name\":\"Art\u00edculo Diario del Puerto: Atravesadas por la DANA, las empresas toman impulso gracias al apoyo de sus profesionales - GrupaMar\",\"isPartOf\":{\"@id\":\"https:\\\/\\\/www.grupamar.es\\\/en\\\/#website\"},\"primaryImageOfPage\":{\"@id\":\"https:\\\/\\\/www.grupamar.es\\\/en\\\/articulo-diario-del-puerto-dana\\\/#primaryimage\"},\"image\":{\"@id\":\"https:\\\/\\\/www.grupamar.es\\\/en\\\/articulo-diario-del-puerto-dana\\\/#primaryimage\"},\"thumbnailUrl\":\"https:\\\/\\\/www.grupamar.es\\\/wp-content\\\/uploads\\\/2024\\\/11\\\/transportes-grupama.jpg\",\"datePublished\":\"2024-11-29T11:07:30+00:00\",\"dateModified\":\"2026-03-10T13:13:03+00:00\",\"author\":{\"@id\":\"https:\\\/\\\/www.grupamar.es\\\/en\\\/#\\\/schema\\\/person\\\/e439b0db1d8f0a18c0259ebc8e1372e9\"},\"inLanguage\":\"en-US\",\"potentialAction\":[{\"@type\":\"ReadAction\",\"target\":[\"https:\\\/\\\/www.grupamar.es\\\/en\\\/articulo-diario-del-puerto-dana\\\/\"]}]},{\"@type\":\"ImageObject\",\"inLanguage\":\"en-US\",\"@id\":\"https:\\\/\\\/www.grupamar.es\\\/en\\\/articulo-diario-del-puerto-dana\\\/#primaryimage\",\"url\":\"https:\\\/\\\/www.grupamar.es\\\/wp-content\\\/uploads\\\/2024\\\/11\\\/transportes-grupama.jpg\",\"contentUrl\":\"https:\\\/\\\/www.grupamar.es\\\/wp-content\\\/uploads\\\/2024\\\/11\\\/transportes-grupama.jpg\",\"width\":2000,\"height\":948},{\"@type\":\"WebSite\",\"@id\":\"https:\\\/\\\/www.grupamar.es\\\/en\\\/#website\",\"url\":\"https:\\\/\\\/www.grupamar.es\\\/en\\\/\",\"name\":\"GrupaMar\",\"description\":\"\",\"potentialAction\":[{\"@type\":\"SearchAction\",\"target\":{\"@type\":\"EntryPoint\",\"urlTemplate\":\"https:\\\/\\\/www.grupamar.es\\\/en\\\/?s={search_term_string}\"},\"query-input\":{\"@type\":\"PropertyValueSpecification\",\"valueRequired\":true,\"valueName\":\"search_term_string\"}}],\"inLanguage\":\"en-US\"},{\"@type\":\"Person\",\"@id\":\"https:\\\/\\\/www.grupamar.es\\\/en\\\/#\\\/schema\\\/person\\\/e439b0db1d8f0a18c0259ebc8e1372e9\",\"name\":\"gR25Pmr\",\"image\":{\"@type\":\"ImageObject\",\"inLanguage\":\"en-US\",\"@id\":\"https:\\\/\\\/secure.gravatar.com\\\/avatar\\\/b904e836584635855eaa0ee2922bae4fe2aa94ffb558048dcc5dac5f98f0fadc?s=96&d=mm&r=g\",\"url\":\"https:\\\/\\\/secure.gravatar.com\\\/avatar\\\/b904e836584635855eaa0ee2922bae4fe2aa94ffb558048dcc5dac5f98f0fadc?s=96&d=mm&r=g\",\"contentUrl\":\"https:\\\/\\\/secure.gravatar.com\\\/avatar\\\/b904e836584635855eaa0ee2922bae4fe2aa94ffb558048dcc5dac5f98f0fadc?s=96&d=mm&r=g\",\"caption\":\"gR25Pmr\"},\"sameAs\":[\"https:\\\/\\\/www.grupamar.es\"],\"url\":\"https:\\\/\\\/www.grupamar.es\\\/en\\\/author\\\/gr25pmr\\\/\"}]}<\/script>\n<!-- \/ Yoast SEO plugin. -->","yoast_head_json":{"title":"Art\u00edculo Diario del Puerto: Atravesadas por la DANA, las empresas toman impulso gracias al apoyo de sus profesionales - GrupaMar","robots":{"index":"index","follow":"follow","max-snippet":"max-snippet:-1","max-image-preview":"max-image-preview:large","max-video-preview":"max-video-preview:-1"},"canonical":"https:\/\/www.grupamar.es\/en\/articulo-diario-del-puerto-dana\/","og_locale":"en_US","og_type":"article","og_title":"Art\u00edculo Diario del Puerto: Atravesadas por la DANA, las empresas toman impulso gracias al apoyo de sus profesionales - GrupaMar","og_description":"Tras la cat\u00e1strofe, las compa\u00f1\u00edas se adaptaron para retomar los servicios y ayudar en las tareas de reconstrucci\u00f3n y abastecimiento El factor humano ha sido clave para impulsar la actividad de los operadores log\u00edsticos que, tras ser atravesados por la DANA, se han recompuesto para dar servicio y ayudar en la reconstrucci\u00f3n. (\u2026) GrupaMar Jos\u00e9 [&hellip;]","og_url":"https:\/\/www.grupamar.es\/en\/articulo-diario-del-puerto-dana\/","og_site_name":"GrupaMar","article_published_time":"2024-11-29T11:07:30+00:00","article_modified_time":"2026-03-10T13:13:03+00:00","og_image":[{"width":2000,"height":948,"url":"https:\/\/www.grupamar.es\/wp-content\/uploads\/2024\/11\/transportes-grupama.jpg","type":"image\/jpeg"}],"author":"gR25Pmr","twitter_card":"summary_large_image","twitter_misc":{"Written by":"gR25Pmr","Est. reading time":"2 minutes"},"schema":{"@context":"https:\/\/schema.org","@graph":[{"@type":"Article","@id":"https:\/\/www.grupamar.es\/en\/articulo-diario-del-puerto-dana\/#article","isPartOf":{"@id":"https:\/\/www.grupamar.es\/en\/articulo-diario-del-puerto-dana\/"},"author":{"name":"gR25Pmr","@id":"https:\/\/www.grupamar.es\/en\/#\/schema\/person\/e439b0db1d8f0a18c0259ebc8e1372e9"},"headline":"Art\u00edculo Diario del Puerto: Atravesadas por la DANA, las empresas toman impulso gracias al apoyo de sus profesionales","datePublished":"2024-11-29T11:07:30+00:00","dateModified":"2026-03-10T13:13:03+00:00","mainEntityOfPage":{"@id":"https:\/\/www.grupamar.es\/en\/articulo-diario-del-puerto-dana\/"},"wordCount":376,"image":{"@id":"https:\/\/www.grupamar.es\/en\/articulo-diario-del-puerto-dana\/#primaryimage"},"thumbnailUrl":"https:\/\/www.grupamar.es\/wp-content\/uploads\/2024\/11\/transportes-grupama.jpg","articleSection":["Industry","News"],"inLanguage":"en-US"},{"@type":"WebPage","@id":"https:\/\/www.grupamar.es\/en\/articulo-diario-del-puerto-dana\/","url":"https:\/\/www.grupamar.es\/en\/articulo-diario-del-puerto-dana\/","name":"Art\u00edculo Diario del Puerto: Atravesadas por la DANA, las empresas toman impulso gracias al apoyo de sus profesionales - GrupaMar","isPartOf":{"@id":"https:\/\/www.grupamar.es\/en\/#website"},"primaryImageOfPage":{"@id":"https:\/\/www.grupamar.es\/en\/articulo-diario-del-puerto-dana\/#primaryimage"},"image":{"@id":"https:\/\/www.grupamar.es\/en\/articulo-diario-del-puerto-dana\/#primaryimage"},"thumbnailUrl":"https:\/\/www.grupamar.es\/wp-content\/uploads\/2024\/11\/transportes-grupama.jpg","datePublished":"2024-11-29T11:07:30+00:00","dateModified":"2026-03-10T13:13:03+00:00","author":{"@id":"https:\/\/www.grupamar.es\/en\/#\/schema\/person\/e439b0db1d8f0a18c0259ebc8e1372e9"},"inLanguage":"en-US","potentialAction":[{"@type":"ReadAction","target":["https:\/\/www.grupamar.es\/en\/articulo-diario-del-puerto-dana\/"]}]},{"@type":"ImageObject","inLanguage":"en-US","@id":"https:\/\/www.grupamar.es\/en\/articulo-diario-del-puerto-dana\/#primaryimage","url":"https:\/\/www.grupamar.es\/wp-content\/uploads\/2024\/11\/transportes-grupama.jpg","contentUrl":"https:\/\/www.grupamar.es\/wp-content\/uploads\/2024\/11\/transportes-grupama.jpg","width":2000,"height":948},{"@type":"WebSite","@id":"https:\/\/www.grupamar.es\/en\/#website","url":"https:\/\/www.grupamar.es\/en\/","name":"GrupaMar","description":"","potentialAction":[{"@type":"SearchAction","target":{"@type":"EntryPoint","urlTemplate":"https:\/\/www.grupamar.es\/en\/?s={search_term_string}"},"query-input":{"@type":"PropertyValueSpecification","valueRequired":true,"valueName":"search_term_string"}}],"inLanguage":"en-US"},{"@type":"Person","@id":"https:\/\/www.grupamar.es\/en\/#\/schema\/person\/e439b0db1d8f0a18c0259ebc8e1372e9","name":"gR25Pmr","image":{"@type":"ImageObject","inLanguage":"en-US","@id":"https:\/\/secure.gravatar.com\/avatar\/b904e836584635855eaa0ee2922bae4fe2aa94ffb558048dcc5dac5f98f0fadc?s=96&d=mm&r=g","url":"https:\/\/secure.gravatar.com\/avatar\/b904e836584635855eaa0ee2922bae4fe2aa94ffb558048dcc5dac5f98f0fadc?s=96&d=mm&r=g","contentUrl":"https:\/\/secure.gravatar.com\/avatar\/b904e836584635855eaa0ee2922bae4fe2aa94ffb558048dcc5dac5f98f0fadc?s=96&d=mm&r=g","caption":"gR25Pmr"},"sameAs":["https:\/\/www.grupamar.es"],"url":"https:\/\/www.grupamar.es\/en\/author\/gr25pmr\/"}]}},"_links":{"self":[{"href":"https:\/\/www.grupamar.es\/en\/wp-json\/wp\/v2\/posts\/1593","targetHints":{"allow":["GET"]}}],"collection":[{"href":"https:\/\/www.grupamar.es\/en\/wp-json\/wp\/v2\/posts"}],"about":[{"href":"https:\/\/www.grupamar.es\/en\/wp-json\/wp\/v2\/types\/post"}],"author":[{"embeddable":true,"href":"https:\/\/www.grupamar.es\/en\/wp-json\/wp\/v2\/users\/1"}],"replies":[{"embeddable":true,"href":"https:\/\/www.grupamar.es\/en\/wp-json\/wp\/v2\/comments?post=1593"}],"version-history":[{"count":1,"href":"https:\/\/www.grupamar.es\/en\/wp-json\/wp\/v2\/posts\/1593\/revisions"}],"predecessor-version":[{"id":1612,"href":"https:\/\/www.grupamar.es\/en\/wp-json\/wp\/v2\/posts\/1593\/revisions\/1612"}],"wp:featuredmedia":[{"embeddable":true,"href":"https:\/\/www.grupamar.es\/en\/wp-json\/wp\/v2\/media\/759"}],"wp:attachment":[{"href":"https:\/\/www.grupamar.es\/en\/wp-json\/wp\/v2\/media?parent=1593"}],"wp:term":[{"taxonomy":"category","embeddable":true,"href":"https:\/\/www.grupamar.es\/en\/wp-json\/wp\/v2\/categories?post=1593"}],"curies":[{"name":"wp","href":"https:\/\/api.w.org\/{rel}","templated":true}]}}