{"id":1591,"date":"2025-03-08T07:07:36","date_gmt":"2025-03-08T07:07:36","guid":{"rendered":"https:\/\/www.grupamar.es\/mujeres-que-inspiran-en-grupamar\/"},"modified":"2026-03-10T13:12:44","modified_gmt":"2026-03-10T13:12:44","slug":"mujeres-que-inspiran-en-grupamar","status":"publish","type":"post","link":"https:\/\/www.grupamar.es\/en\/mujeres-que-inspiran-en-grupamar\/","title":{"rendered":"\u201cMujeres que inspiran\u201d en GrupaMar"},"content":{"rendered":"<p><strong>En GrupaMar &#8211; Transporte y Log\u00edstica conmemoramos el D\u00eda Internacional de la Mujer destacando a compa\u00f1eras que representan el talento, el esfuerzo y la importancia que tienen en nuestra empresa.<\/strong><\/p>\n<p>Bajo el lema \u201c<strong>Mujeres que inspiran<\/strong>\u201d conocer y reconocer a algunas de ellas a trav\u00e9s de breves entrevistas en las que comparten su experiencia y visi\u00f3n, as\u00ed como el impacto que generan en su equipo y en GrupaMar.<\/p>\n<p>Cada una, desde su \u00e1rea, aporta talento, compromiso y un gran impacto en su equipo.<\/p>\n<h4>Mercedes Sencianes y Laura Roig<\/h4>\n<p>Comenzamos con <strong>Mercedes Sencianes<\/strong>, del departamento de Administraci\u00f3n y <strong>Laura Roig<\/strong>, ingeniera de Procesos. \u00a1No os perd\u00e1is sus historias!<\/p>\n<p><img decoding=\"async\" class=\"alignnone size-full wp-image-812\" src=\"https:\/\/www.grupamar.es\/wp-content\/uploads\/2025\/03\/pppppppppppp.jpg\" alt=\"\" width=\"1080\" height=\"512\" srcset=\"https:\/\/www.grupamar.es\/wp-content\/uploads\/2025\/03\/pppppppppppp.jpg 1080w, https:\/\/www.grupamar.es\/wp-content\/uploads\/2025\/03\/pppppppppppp-750x356.jpg 750w, https:\/\/www.grupamar.es\/wp-content\/uploads\/2025\/03\/pppppppppppp-400x190.jpg 400w\" sizes=\"(max-width: 1080px) 100vw, 1080px\" \/><br \/>\n<a href=\"https:\/\/www.linkedin.com\/posts\/grupajesdelmar-grupamar_8m-mujeresqueinspiran-grupamar-activity-7302736682275999745-_l6T?utm_source=share&amp;utm_medium=member_desktop&amp;rcm=ACoAAAObqmkBuk1pWBUyCdR-xc8XQqRrYL1XrbI\" target=\"_blank\" rel=\"noopener\">Historia<\/a><\/p>\n<h4>Carmen Mar\u00eda Garrido y Jennifer Escolano<\/h4>\n<p>Seguimos dando voz a <strong>Carmen Mar\u00eda Garrido<\/strong>, directora de nuestra delegaci\u00f3n en Sevilla, y a <strong>Jennifer Escolano<\/strong>, del equipo de Transporte en la delegaci\u00f3n de Valencia.<\/p>\n<p><img decoding=\"async\" class=\"alignnone wp-image-809\" src=\"https:\/\/www.grupamar.es\/wp-content\/uploads\/2025\/03\/bbbbbbbbbb.jpg\" alt=\"\" width=\"1080\" height=\"512\" srcset=\"https:\/\/www.grupamar.es\/wp-content\/uploads\/2025\/03\/bbbbbbbbbb.jpg 2000w, https:\/\/www.grupamar.es\/wp-content\/uploads\/2025\/03\/bbbbbbbbbb-1600x758.jpg 1600w, https:\/\/www.grupamar.es\/wp-content\/uploads\/2025\/03\/bbbbbbbbbb-750x356.jpg 750w, https:\/\/www.grupamar.es\/wp-content\/uploads\/2025\/03\/bbbbbbbbbb-400x190.jpg 400w\" sizes=\"(max-width: 1080px) 100vw, 1080px\" \/><br \/>\n<a href=\"https:\/\/www.linkedin.com\/posts\/grupajesdelmar-grupamar_8m-mujeresqueinspiran-grupamar-activity-7303096711747411968-A_tY?utm_source=share&amp;utm_medium=member_desktop&amp;rcm=ACoAAAObqmkBuk1pWBUyCdR-xc8XQqRrYL1XrbI\" target=\"_blank\" rel=\"noopener\">Historia<\/a><\/p>\n<h4>Laura G\u00f3mez y Laura Crespo<\/h4>\n<p>Conoceremos a dos veteranas que han crecido profesionalmente en GrupaMar y que nos cuentan su visi\u00f3n y experiencia: <strong>Laura G\u00f3mez<\/strong>, responsable de Transporte en la delegaci\u00f3n de Madrid, y <strong>Laura Crespo<\/strong>, responsable de Documentaci\u00f3n en la delegaci\u00f3n de Bilbao.<\/p>\n<p><img decoding=\"async\" class=\"alignnone size-full wp-image-814\" src=\"https:\/\/www.grupamar.es\/wp-content\/uploads\/2025\/03\/hfgerf.jpg\" alt=\"\" width=\"1080\" height=\"512\" srcset=\"https:\/\/www.grupamar.es\/wp-content\/uploads\/2025\/03\/hfgerf.jpg 1080w, https:\/\/www.grupamar.es\/wp-content\/uploads\/2025\/03\/hfgerf-750x356.jpg 750w, https:\/\/www.grupamar.es\/wp-content\/uploads\/2025\/03\/hfgerf-400x190.jpg 400w\" sizes=\"(max-width: 1080px) 100vw, 1080px\" \/><br \/>\n<a href=\"https:\/\/www.linkedin.com\/posts\/grupajesdelmar-grupamar_8m-mujeresqueinspiran-grupamar-activity-7303315973204279296-Dpz4?utm_source=share&amp;utm_medium=member_desktop&amp;rcm=ACoAAAObqmkBuk1pWBUyCdR-xc8XQqRrYL1XrbI\" target=\"_blank\" rel=\"noopener\">Historia<\/a><\/p>\n<h4>Teresa Santana y\u00a0Noelia Rojo<\/h4>\n<p>Presentamos dos mujeres cuya profesionalidad y entrega las convierten en referentes dentro de GrupaMar: <strong>Teresa Santana<\/strong>, del departamento de Aduanas en la delegaci\u00f3n de Tenerife, y <strong>Noelia Rojo<\/strong>, del equipo de Almac\u00e9n de la delegaci\u00f3n de Alicante.<\/p>\n<p><img decoding=\"async\" class=\"alignnone size-full wp-image-816\" src=\"https:\/\/www.grupamar.es\/wp-content\/uploads\/2025\/03\/5656656.jpg\" alt=\"\" width=\"1080\" height=\"512\" srcset=\"https:\/\/www.grupamar.es\/wp-content\/uploads\/2025\/03\/5656656.jpg 1080w, https:\/\/www.grupamar.es\/wp-content\/uploads\/2025\/03\/5656656-750x356.jpg 750w, https:\/\/www.grupamar.es\/wp-content\/uploads\/2025\/03\/5656656-400x190.jpg 400w\" sizes=\"(max-width: 1080px) 100vw, 1080px\" \/><br \/>\n<a href=\"https:\/\/www.linkedin.com\/posts\/grupajesdelmar-grupamar_8m-mujeresqueinspiran-grupamar-activity-7303451802807496707-epM-?utm_source=share&amp;utm_medium=member_desktop&amp;rcm=ACoAAAObqmkBuk1pWBUyCdR-xc8XQqRrYL1XrbI\" target=\"_blank\" rel=\"noopener\">Historia<\/a><\/p>\n<h4>Estefan\u00eda Iglesias y Almudena Lago<\/h4>\n<p>A continuaci\u00f3n, dos mujeres que han demostrado un gran liderazgo, dedicaci\u00f3n y compromiso durante su carrera profesional en GrupaMar: <strong>Estefan\u00eda Iglesias<\/strong>, directora de las delegaciones de Vigo y Bilbao, y <strong>Almudena Lago<\/strong>, directora de la delegaci\u00f3n de Lanzarote.<\/p>\n<p><img decoding=\"async\" class=\"alignnone size-full wp-image-818\" src=\"https:\/\/www.grupamar.es\/wp-content\/uploads\/2025\/03\/0110101010.jpg\" alt=\"\" width=\"1080\" height=\"512\" srcset=\"https:\/\/www.grupamar.es\/wp-content\/uploads\/2025\/03\/0110101010.jpg 1080w, https:\/\/www.grupamar.es\/wp-content\/uploads\/2025\/03\/0110101010-750x356.jpg 750w, https:\/\/www.grupamar.es\/wp-content\/uploads\/2025\/03\/0110101010-400x190.jpg 400w\" sizes=\"(max-width: 1080px) 100vw, 1080px\" \/><br \/>\n<a href=\"https:\/\/www.linkedin.com\/posts\/grupajesdelmar-grupamar_8m-mujeresqueinspiran-grupamar-activity-7303678302437740544-99dh?utm_source=share&amp;utm_medium=member_desktop&amp;rcm=ACoAAAObqmkBuk1pWBUyCdR-xc8XQqRrYL1XrbI\" target=\"_blank\" rel=\"noopener\">Historia<\/a><\/p>\n<h4>\u00c1ngeles Matos, Beatriz Fraga y Pen\u00e9lope Alonso<\/h4>\n<p>Y por \u00faltimo destacamos a tres profesionales con una larga trayectoria en GrupaMar: <strong>\u00c1ngeles Matos<\/strong>, administrativa en la delegaci\u00f3n de Ibiza, <strong>Beatriz Fraga<\/strong>, del departamento de documentaci\u00f3n en Mallorca y <strong>Pen\u00e9lope Alonso<\/strong>, responsable de transporte en la delegaci\u00f3n de Las Palmas. Su esfuerzo y dedicaci\u00f3n son fuente de inspiraci\u00f3n para todo el equipo<\/p>\n<p><img decoding=\"async\" class=\"alignnone size-full wp-image-820\" src=\"https:\/\/www.grupamar.es\/wp-content\/uploads\/2025\/03\/7777777777.jpg\" alt=\"\" width=\"1080\" height=\"363\" srcset=\"https:\/\/www.grupamar.es\/wp-content\/uploads\/2025\/03\/7777777777.jpg 1080w, https:\/\/www.grupamar.es\/wp-content\/uploads\/2025\/03\/7777777777-750x252.jpg 750w, https:\/\/www.grupamar.es\/wp-content\/uploads\/2025\/03\/7777777777-400x134.jpg 400w\" sizes=\"(max-width: 1080px) 100vw, 1080px\" \/><br \/>\n<a href=\"https:\/\/www.linkedin.com\/posts\/grupajesdelmar-grupamar_8m-mujeresqueinspiran-grupamar-activity-7303804821478739968-dnOv?utm_source=share&amp;utm_medium=member_desktop&amp;rcm=ACoAAAObqmkBuk1pWBUyCdR-xc8XQqRrYL1XrbI\" target=\"_blank\" rel=\"noopener\">Historia<\/a><\/p>\n","protected":false},"excerpt":{"rendered":"<p>En GrupaMar &#8211; Transporte y Log\u00edstica conmemoramos el D\u00eda Internacional de la Mujer destacando a compa\u00f1eras que representan el talento, el esfuerzo y la importancia que tienen en nuestra empresa. Bajo el lema \u201cMujeres que inspiran\u201d conocer y reconocer a algunas de ellas a trav\u00e9s de breves entrevistas en las que comparten su experiencia y [&hellip;]<\/p>\n","protected":false},"author":1,"featured_media":771,"comment_status":"closed","ping_status":"closed","sticky":false,"template":"","format":"standard","meta":{"_acf_changed":false,"footnotes":""},"categories":[35],"class_list":["post-1591","post","type-post","status-publish","format-standard","has-post-thumbnail","hentry","category-company"],"acf":[],"yoast_head":"<!-- This site is optimized with the Yoast SEO plugin v27.4 - https:\/\/yoast.com\/product\/yoast-seo-wordpress\/ -->\n<title>\u201cMujeres que inspiran\u201d en GrupaMar - GrupaMar<\/title>\n<meta name=\"robots\" content=\"index, follow, max-snippet:-1, max-image-preview:large, max-video-preview:-1\" \/>\n<link rel=\"canonical\" href=\"https:\/\/www.grupamar.es\/en\/mujeres-que-inspiran-en-grupamar\/\" \/>\n<meta property=\"og:locale\" content=\"en_US\" \/>\n<meta property=\"og:type\" content=\"article\" \/>\n<meta property=\"og:title\" content=\"\u201cMujeres que inspiran\u201d en GrupaMar - GrupaMar\" \/>\n<meta property=\"og:description\" content=\"En GrupaMar &#8211; Transporte y Log\u00edstica conmemoramos el D\u00eda Internacional de la Mujer destacando a compa\u00f1eras que representan el talento, el esfuerzo y la importancia que tienen en nuestra empresa. Bajo el lema \u201cMujeres que inspiran\u201d conocer y reconocer a algunas de ellas a trav\u00e9s de breves entrevistas en las que comparten su experiencia y [&hellip;]\" \/>\n<meta property=\"og:url\" content=\"https:\/\/www.grupamar.es\/en\/mujeres-que-inspiran-en-grupamar\/\" \/>\n<meta property=\"og:site_name\" content=\"GrupaMar\" \/>\n<meta property=\"article:published_time\" content=\"2025-03-08T07:07:36+00:00\" \/>\n<meta property=\"article:modified_time\" content=\"2026-03-10T13:12:44+00:00\" \/>\n<meta property=\"og:image\" content=\"https:\/\/www.grupamar.es\/wp-content\/uploads\/2025\/03\/ssssss.jpg\" \/>\n\t<meta property=\"og:image:width\" content=\"2000\" \/>\n\t<meta property=\"og:image:height\" content=\"948\" \/>\n\t<meta property=\"og:image:type\" content=\"image\/jpeg\" \/>\n<meta name=\"author\" content=\"gR25Pmr\" \/>\n<meta name=\"twitter:card\" content=\"summary_large_image\" \/>\n<meta name=\"twitter:label1\" content=\"Written by\" \/>\n\t<meta name=\"twitter:data1\" content=\"gR25Pmr\" \/>\n\t<meta name=\"twitter:label2\" content=\"Est. reading time\" \/>\n\t<meta name=\"twitter:data2\" content=\"3 minutes\" \/>\n<script type=\"application\/ld+json\" class=\"yoast-schema-graph\">{\"@context\":\"https:\\\/\\\/schema.org\",\"@graph\":[{\"@type\":\"Article\",\"@id\":\"https:\\\/\\\/www.grupamar.es\\\/en\\\/mujeres-que-inspiran-en-grupamar\\\/#article\",\"isPartOf\":{\"@id\":\"https:\\\/\\\/www.grupamar.es\\\/en\\\/mujeres-que-inspiran-en-grupamar\\\/\"},\"author\":{\"name\":\"gR25Pmr\",\"@id\":\"https:\\\/\\\/www.grupamar.es\\\/en\\\/#\\\/schema\\\/person\\\/e439b0db1d8f0a18c0259ebc8e1372e9\"},\"headline\":\"\u201cMujeres que inspiran\u201d en GrupaMar\",\"datePublished\":\"2025-03-08T07:07:36+00:00\",\"dateModified\":\"2026-03-10T13:12:44+00:00\",\"mainEntityOfPage\":{\"@id\":\"https:\\\/\\\/www.grupamar.es\\\/en\\\/mujeres-que-inspiran-en-grupamar\\\/\"},\"wordCount\":371,\"image\":{\"@id\":\"https:\\\/\\\/www.grupamar.es\\\/en\\\/mujeres-que-inspiran-en-grupamar\\\/#primaryimage\"},\"thumbnailUrl\":\"https:\\\/\\\/www.grupamar.es\\\/wp-content\\\/uploads\\\/2025\\\/03\\\/ssssss.jpg\",\"articleSection\":[\"Company\"],\"inLanguage\":\"en-US\"},{\"@type\":\"WebPage\",\"@id\":\"https:\\\/\\\/www.grupamar.es\\\/en\\\/mujeres-que-inspiran-en-grupamar\\\/\",\"url\":\"https:\\\/\\\/www.grupamar.es\\\/en\\\/mujeres-que-inspiran-en-grupamar\\\/\",\"name\":\"\u201cMujeres que inspiran\u201d en GrupaMar - GrupaMar\",\"isPartOf\":{\"@id\":\"https:\\\/\\\/www.grupamar.es\\\/en\\\/#website\"},\"primaryImageOfPage\":{\"@id\":\"https:\\\/\\\/www.grupamar.es\\\/en\\\/mujeres-que-inspiran-en-grupamar\\\/#primaryimage\"},\"image\":{\"@id\":\"https:\\\/\\\/www.grupamar.es\\\/en\\\/mujeres-que-inspiran-en-grupamar\\\/#primaryimage\"},\"thumbnailUrl\":\"https:\\\/\\\/www.grupamar.es\\\/wp-content\\\/uploads\\\/2025\\\/03\\\/ssssss.jpg\",\"datePublished\":\"2025-03-08T07:07:36+00:00\",\"dateModified\":\"2026-03-10T13:12:44+00:00\",\"author\":{\"@id\":\"https:\\\/\\\/www.grupamar.es\\\/en\\\/#\\\/schema\\\/person\\\/e439b0db1d8f0a18c0259ebc8e1372e9\"},\"inLanguage\":\"en-US\",\"potentialAction\":[{\"@type\":\"ReadAction\",\"target\":[\"https:\\\/\\\/www.grupamar.es\\\/en\\\/mujeres-que-inspiran-en-grupamar\\\/\"]}]},{\"@type\":\"ImageObject\",\"inLanguage\":\"en-US\",\"@id\":\"https:\\\/\\\/www.grupamar.es\\\/en\\\/mujeres-que-inspiran-en-grupamar\\\/#primaryimage\",\"url\":\"https:\\\/\\\/www.grupamar.es\\\/wp-content\\\/uploads\\\/2025\\\/03\\\/ssssss.jpg\",\"contentUrl\":\"https:\\\/\\\/www.grupamar.es\\\/wp-content\\\/uploads\\\/2025\\\/03\\\/ssssss.jpg\",\"width\":2000,\"height\":948},{\"@type\":\"WebSite\",\"@id\":\"https:\\\/\\\/www.grupamar.es\\\/en\\\/#website\",\"url\":\"https:\\\/\\\/www.grupamar.es\\\/en\\\/\",\"name\":\"GrupaMar\",\"description\":\"\",\"potentialAction\":[{\"@type\":\"SearchAction\",\"target\":{\"@type\":\"EntryPoint\",\"urlTemplate\":\"https:\\\/\\\/www.grupamar.es\\\/en\\\/?s={search_term_string}\"},\"query-input\":{\"@type\":\"PropertyValueSpecification\",\"valueRequired\":true,\"valueName\":\"search_term_string\"}}],\"inLanguage\":\"en-US\"},{\"@type\":\"Person\",\"@id\":\"https:\\\/\\\/www.grupamar.es\\\/en\\\/#\\\/schema\\\/person\\\/e439b0db1d8f0a18c0259ebc8e1372e9\",\"name\":\"gR25Pmr\",\"image\":{\"@type\":\"ImageObject\",\"inLanguage\":\"en-US\",\"@id\":\"https:\\\/\\\/secure.gravatar.com\\\/avatar\\\/b904e836584635855eaa0ee2922bae4fe2aa94ffb558048dcc5dac5f98f0fadc?s=96&d=mm&r=g\",\"url\":\"https:\\\/\\\/secure.gravatar.com\\\/avatar\\\/b904e836584635855eaa0ee2922bae4fe2aa94ffb558048dcc5dac5f98f0fadc?s=96&d=mm&r=g\",\"contentUrl\":\"https:\\\/\\\/secure.gravatar.com\\\/avatar\\\/b904e836584635855eaa0ee2922bae4fe2aa94ffb558048dcc5dac5f98f0fadc?s=96&d=mm&r=g\",\"caption\":\"gR25Pmr\"},\"sameAs\":[\"https:\\\/\\\/www.grupamar.es\"],\"url\":\"https:\\\/\\\/www.grupamar.es\\\/en\\\/author\\\/gr25pmr\\\/\"}]}<\/script>\n<!-- \/ Yoast SEO plugin. -->","yoast_head_json":{"title":"\u201cMujeres que inspiran\u201d en GrupaMar - GrupaMar","robots":{"index":"index","follow":"follow","max-snippet":"max-snippet:-1","max-image-preview":"max-image-preview:large","max-video-preview":"max-video-preview:-1"},"canonical":"https:\/\/www.grupamar.es\/en\/mujeres-que-inspiran-en-grupamar\/","og_locale":"en_US","og_type":"article","og_title":"\u201cMujeres que inspiran\u201d en GrupaMar - GrupaMar","og_description":"En GrupaMar &#8211; Transporte y Log\u00edstica conmemoramos el D\u00eda Internacional de la Mujer destacando a compa\u00f1eras que representan el talento, el esfuerzo y la importancia que tienen en nuestra empresa. Bajo el lema \u201cMujeres que inspiran\u201d conocer y reconocer a algunas de ellas a trav\u00e9s de breves entrevistas en las que comparten su experiencia y [&hellip;]","og_url":"https:\/\/www.grupamar.es\/en\/mujeres-que-inspiran-en-grupamar\/","og_site_name":"GrupaMar","article_published_time":"2025-03-08T07:07:36+00:00","article_modified_time":"2026-03-10T13:12:44+00:00","og_image":[{"width":2000,"height":948,"url":"https:\/\/www.grupamar.es\/wp-content\/uploads\/2025\/03\/ssssss.jpg","type":"image\/jpeg"}],"author":"gR25Pmr","twitter_card":"summary_large_image","twitter_misc":{"Written by":"gR25Pmr","Est. reading time":"3 minutes"},"schema":{"@context":"https:\/\/schema.org","@graph":[{"@type":"Article","@id":"https:\/\/www.grupamar.es\/en\/mujeres-que-inspiran-en-grupamar\/#article","isPartOf":{"@id":"https:\/\/www.grupamar.es\/en\/mujeres-que-inspiran-en-grupamar\/"},"author":{"name":"gR25Pmr","@id":"https:\/\/www.grupamar.es\/en\/#\/schema\/person\/e439b0db1d8f0a18c0259ebc8e1372e9"},"headline":"\u201cMujeres que inspiran\u201d en GrupaMar","datePublished":"2025-03-08T07:07:36+00:00","dateModified":"2026-03-10T13:12:44+00:00","mainEntityOfPage":{"@id":"https:\/\/www.grupamar.es\/en\/mujeres-que-inspiran-en-grupamar\/"},"wordCount":371,"image":{"@id":"https:\/\/www.grupamar.es\/en\/mujeres-que-inspiran-en-grupamar\/#primaryimage"},"thumbnailUrl":"https:\/\/www.grupamar.es\/wp-content\/uploads\/2025\/03\/ssssss.jpg","articleSection":["Company"],"inLanguage":"en-US"},{"@type":"WebPage","@id":"https:\/\/www.grupamar.es\/en\/mujeres-que-inspiran-en-grupamar\/","url":"https:\/\/www.grupamar.es\/en\/mujeres-que-inspiran-en-grupamar\/","name":"\u201cMujeres que inspiran\u201d en GrupaMar - GrupaMar","isPartOf":{"@id":"https:\/\/www.grupamar.es\/en\/#website"},"primaryImageOfPage":{"@id":"https:\/\/www.grupamar.es\/en\/mujeres-que-inspiran-en-grupamar\/#primaryimage"},"image":{"@id":"https:\/\/www.grupamar.es\/en\/mujeres-que-inspiran-en-grupamar\/#primaryimage"},"thumbnailUrl":"https:\/\/www.grupamar.es\/wp-content\/uploads\/2025\/03\/ssssss.jpg","datePublished":"2025-03-08T07:07:36+00:00","dateModified":"2026-03-10T13:12:44+00:00","author":{"@id":"https:\/\/www.grupamar.es\/en\/#\/schema\/person\/e439b0db1d8f0a18c0259ebc8e1372e9"},"inLanguage":"en-US","potentialAction":[{"@type":"ReadAction","target":["https:\/\/www.grupamar.es\/en\/mujeres-que-inspiran-en-grupamar\/"]}]},{"@type":"ImageObject","inLanguage":"en-US","@id":"https:\/\/www.grupamar.es\/en\/mujeres-que-inspiran-en-grupamar\/#primaryimage","url":"https:\/\/www.grupamar.es\/wp-content\/uploads\/2025\/03\/ssssss.jpg","contentUrl":"https:\/\/www.grupamar.es\/wp-content\/uploads\/2025\/03\/ssssss.jpg","width":2000,"height":948},{"@type":"WebSite","@id":"https:\/\/www.grupamar.es\/en\/#website","url":"https:\/\/www.grupamar.es\/en\/","name":"GrupaMar","description":"","potentialAction":[{"@type":"SearchAction","target":{"@type":"EntryPoint","urlTemplate":"https:\/\/www.grupamar.es\/en\/?s={search_term_string}"},"query-input":{"@type":"PropertyValueSpecification","valueRequired":true,"valueName":"search_term_string"}}],"inLanguage":"en-US"},{"@type":"Person","@id":"https:\/\/www.grupamar.es\/en\/#\/schema\/person\/e439b0db1d8f0a18c0259ebc8e1372e9","name":"gR25Pmr","image":{"@type":"ImageObject","inLanguage":"en-US","@id":"https:\/\/secure.gravatar.com\/avatar\/b904e836584635855eaa0ee2922bae4fe2aa94ffb558048dcc5dac5f98f0fadc?s=96&d=mm&r=g","url":"https:\/\/secure.gravatar.com\/avatar\/b904e836584635855eaa0ee2922bae4fe2aa94ffb558048dcc5dac5f98f0fadc?s=96&d=mm&r=g","contentUrl":"https:\/\/secure.gravatar.com\/avatar\/b904e836584635855eaa0ee2922bae4fe2aa94ffb558048dcc5dac5f98f0fadc?s=96&d=mm&r=g","caption":"gR25Pmr"},"sameAs":["https:\/\/www.grupamar.es"],"url":"https:\/\/www.grupamar.es\/en\/author\/gr25pmr\/"}]}},"_links":{"self":[{"href":"https:\/\/www.grupamar.es\/en\/wp-json\/wp\/v2\/posts\/1591","targetHints":{"allow":["GET"]}}],"collection":[{"href":"https:\/\/www.grupamar.es\/en\/wp-json\/wp\/v2\/posts"}],"about":[{"href":"https:\/\/www.grupamar.es\/en\/wp-json\/wp\/v2\/types\/post"}],"author":[{"embeddable":true,"href":"https:\/\/www.grupamar.es\/en\/wp-json\/wp\/v2\/users\/1"}],"replies":[{"embeddable":true,"href":"https:\/\/www.grupamar.es\/en\/wp-json\/wp\/v2\/comments?post=1591"}],"version-history":[{"count":1,"href":"https:\/\/www.grupamar.es\/en\/wp-json\/wp\/v2\/posts\/1591\/revisions"}],"predecessor-version":[{"id":1611,"href":"https:\/\/www.grupamar.es\/en\/wp-json\/wp\/v2\/posts\/1591\/revisions\/1611"}],"wp:featuredmedia":[{"embeddable":true,"href":"https:\/\/www.grupamar.es\/en\/wp-json\/wp\/v2\/media\/771"}],"wp:attachment":[{"href":"https:\/\/www.grupamar.es\/en\/wp-json\/wp\/v2\/media?parent=1591"}],"wp:term":[{"taxonomy":"category","embeddable":true,"href":"https:\/\/www.grupamar.es\/en\/wp-json\/wp\/v2\/categories?post=1591"}],"curies":[{"name":"wp","href":"https:\/\/api.w.org\/{rel}","templated":true}]}}